{"id":79637,"date":"2014-09-01T14:59:16","date_gmt":"2014-09-01T12:59:16","guid":{"rendered":"https:\/\/www.eams-industrie.com\/?p=79637"},"modified":"2026-03-12T14:59:49","modified_gmt":"2026-03-12T13:59:49","slug":"quimper-the-deams-industry-behemoths-head-for-austria","status":"publish","type":"post","link":"https:\/\/www.eams-industrie.com\/en\/presse\/quimper-les-mastodontes-deams-industrie-ont-pris-la-direction-de-lautriche\/","title":{"rendered":"Quimper. EAMS Industrie's mastodons are heading for Austria"},"content":{"rendered":"<p>An exceptional convoy left the EAMS Industrie factory in Quimper (Finist\u00e8re) at 5pm on Monday 7 March, specialising in the manufacture of industrial vegetable preparation lines. In all, more than 25 tonnes of steel and PVC will be criss-crossing the roads before arriving in Austria on Friday, in the small town of Gro\u00df-Enzersdorf. Nearly 2,000 km of road await the two lorries carrying the behemoths, which are due to arrive at a factory belonging to the Unilever group. The plant, which will be around sixty metres long once installed, will be used to process spinach.<\/p>\n<p>&nbsp;<\/p>","protected":false},"excerpt":{"rendered":"<p>Un convoi exceptionnel est parti ce lundi 7 mars, \u00e0 17 h, de l\u2019usine EAMS Industrie, sp\u00e9cialiste dans la fabrication de lignes de pr\u00e9paration industrielle de l\u00e9gumes, \u00e0 Quimper (Finist\u00e8re). Ce sont au total plus de 25 tonnes d\u2019acier et de PVC qui vont sillonner les routes pour une arriv\u00e9e pr\u00e9vue vendredi en Autriche, dans [&hellip;]<\/p>\n","protected":false},"author":1,"featured_media":75284,"comment_status":"closed","ping_status":"closed","sticky":false,"template":"","format":"standard","meta":{"_acf_changed":false,"iawp_total_views":7,"footnotes":""},"categories":[1],"tags":[],"class_list":["post-79637","post","type-post","status-publish","format-standard","has-post-thumbnail","hentry","category-presse"],"acf":[],"yoast_head":"<!-- This site is optimized with the Yoast SEO plugin v27.4 - https:\/\/yoast.com\/product\/yoast-seo-wordpress\/ -->\n<title>Quimper. Les mastodontes d\u2019EAMS Industrie ont pris la direction de l\u2019Autriche - EAMS Industrie<\/title>\n<meta name=\"robots\" content=\"index, follow, max-snippet:-1, max-image-preview:large, max-video-preview:-1\" \/>\n<link rel=\"canonical\" href=\"https:\/\/www.eams-industrie.com\/en\/press\/quimper-the-deams-industry-behemoths-head-for-austria\/\" \/>\n<meta property=\"og:locale\" content=\"en_GB\" \/>\n<meta property=\"og:type\" content=\"article\" \/>\n<meta property=\"og:title\" content=\"Quimper. Les mastodontes d\u2019EAMS Industrie ont pris la direction de l\u2019Autriche - EAMS Industrie\" \/>\n<meta property=\"og:description\" content=\"Un convoi exceptionnel est parti ce lundi 7 mars, \u00e0 17 h, de l\u2019usine EAMS Industrie, sp\u00e9cialiste dans la fabrication de lignes de pr\u00e9paration industrielle de l\u00e9gumes, \u00e0 Quimper (Finist\u00e8re). Ce sont au total plus de 25 tonnes d\u2019acier et de PVC qui vont sillonner les routes pour une arriv\u00e9e pr\u00e9vue vendredi en Autriche, dans [&hellip;]\" \/>\n<meta property=\"og:url\" content=\"https:\/\/www.eams-industrie.com\/en\/press\/quimper-the-deams-industry-behemoths-head-for-austria\/\" \/>\n<meta property=\"og:site_name\" content=\"EAMS Industrie\" \/>\n<meta property=\"article:published_time\" content=\"2014-09-01T12:59:16+00:00\" \/>\n<meta property=\"article:modified_time\" content=\"2026-03-12T13:59:49+00:00\" \/>\n<meta property=\"og:image\" content=\"https:\/\/www.eams-industrie.com\/wp-content\/uploads\/2016\/12\/quimper-export-autriche-1.png\" \/>\n\t<meta property=\"og:image:width\" content=\"1200\" \/>\n\t<meta property=\"og:image:height\" content=\"900\" \/>\n\t<meta property=\"og:image:type\" content=\"image\/png\" \/>\n<meta name=\"author\" content=\"Maxime\" \/>\n<meta name=\"twitter:card\" content=\"summary_large_image\" \/>\n<meta name=\"twitter:label1\" content=\"Written by\" \/>\n\t<meta name=\"twitter:data1\" content=\"Maxime\" \/>\n\t<meta name=\"twitter:label2\" content=\"Estimated reading time\" \/>\n\t<meta name=\"twitter:data2\" content=\"1 minute\" \/>\n<script type=\"application\/ld+json\" class=\"yoast-schema-graph\">{\"@context\":\"https:\\\/\\\/schema.org\",\"@graph\":[{\"@type\":\"Article\",\"@id\":\"https:\\\/\\\/www.eams-industrie.com\\\/presse\\\/quimper-les-mastodontes-deams-industrie-ont-pris-la-direction-de-lautriche\\\/#article\",\"isPartOf\":{\"@id\":\"https:\\\/\\\/www.eams-industrie.com\\\/presse\\\/quimper-les-mastodontes-deams-industrie-ont-pris-la-direction-de-lautriche\\\/\"},\"author\":{\"name\":\"Maxime\",\"@id\":\"https:\\\/\\\/www.eams-industrie.com\\\/#\\\/schema\\\/person\\\/133bdfedb18acbe826cbee2da8e8461d\"},\"headline\":\"Quimper. Les mastodontes d\u2019EAMS Industrie ont pris la direction de l\u2019Autriche\",\"datePublished\":\"2014-09-01T12:59:16+00:00\",\"dateModified\":\"2026-03-12T13:59:49+00:00\",\"mainEntityOfPage\":{\"@id\":\"https:\\\/\\\/www.eams-industrie.com\\\/presse\\\/quimper-les-mastodontes-deams-industrie-ont-pris-la-direction-de-lautriche\\\/\"},\"wordCount\":120,\"publisher\":{\"@id\":\"https:\\\/\\\/www.eams-industrie.com\\\/#organization\"},\"image\":{\"@id\":\"https:\\\/\\\/www.eams-industrie.com\\\/presse\\\/quimper-les-mastodontes-deams-industrie-ont-pris-la-direction-de-lautriche\\\/#primaryimage\"},\"thumbnailUrl\":\"https:\\\/\\\/www.eams-industrie.com\\\/wp-content\\\/uploads\\\/2016\\\/12\\\/quimper-export-autriche-1.png\",\"articleSection\":[\"On a parl\u00e9 de nous\"],\"inLanguage\":\"en-GB\"},{\"@type\":\"WebPage\",\"@id\":\"https:\\\/\\\/www.eams-industrie.com\\\/presse\\\/quimper-les-mastodontes-deams-industrie-ont-pris-la-direction-de-lautriche\\\/\",\"url\":\"https:\\\/\\\/www.eams-industrie.com\\\/presse\\\/quimper-les-mastodontes-deams-industrie-ont-pris-la-direction-de-lautriche\\\/\",\"name\":\"Quimper. Les mastodontes d\u2019EAMS Industrie ont pris la direction de l\u2019Autriche - EAMS Industrie\",\"isPartOf\":{\"@id\":\"https:\\\/\\\/www.eams-industrie.com\\\/#website\"},\"primaryImageOfPage\":{\"@id\":\"https:\\\/\\\/www.eams-industrie.com\\\/presse\\\/quimper-les-mastodontes-deams-industrie-ont-pris-la-direction-de-lautriche\\\/#primaryimage\"},\"image\":{\"@id\":\"https:\\\/\\\/www.eams-industrie.com\\\/presse\\\/quimper-les-mastodontes-deams-industrie-ont-pris-la-direction-de-lautriche\\\/#primaryimage\"},\"thumbnailUrl\":\"https:\\\/\\\/www.eams-industrie.com\\\/wp-content\\\/uploads\\\/2016\\\/12\\\/quimper-export-autriche-1.png\",\"datePublished\":\"2014-09-01T12:59:16+00:00\",\"dateModified\":\"2026-03-12T13:59:49+00:00\",\"breadcrumb\":{\"@id\":\"https:\\\/\\\/www.eams-industrie.com\\\/presse\\\/quimper-les-mastodontes-deams-industrie-ont-pris-la-direction-de-lautriche\\\/#breadcrumb\"},\"inLanguage\":\"en-GB\",\"potentialAction\":[{\"@type\":\"ReadAction\",\"target\":[\"https:\\\/\\\/www.eams-industrie.com\\\/presse\\\/quimper-les-mastodontes-deams-industrie-ont-pris-la-direction-de-lautriche\\\/\"]}]},{\"@type\":\"ImageObject\",\"inLanguage\":\"en-GB\",\"@id\":\"https:\\\/\\\/www.eams-industrie.com\\\/presse\\\/quimper-les-mastodontes-deams-industrie-ont-pris-la-direction-de-lautriche\\\/#primaryimage\",\"url\":\"https:\\\/\\\/www.eams-industrie.com\\\/wp-content\\\/uploads\\\/2016\\\/12\\\/quimper-export-autriche-1.png\",\"contentUrl\":\"https:\\\/\\\/www.eams-industrie.com\\\/wp-content\\\/uploads\\\/2016\\\/12\\\/quimper-export-autriche-1.png\",\"width\":1200,\"height\":900},{\"@type\":\"BreadcrumbList\",\"@id\":\"https:\\\/\\\/www.eams-industrie.com\\\/presse\\\/quimper-les-mastodontes-deams-industrie-ont-pris-la-direction-de-lautriche\\\/#breadcrumb\",\"itemListElement\":[{\"@type\":\"ListItem\",\"position\":1,\"name\":\"Accueil\",\"item\":\"https:\\\/\\\/www.eams-industrie.com\\\/\"},{\"@type\":\"ListItem\",\"position\":2,\"name\":\"On a parl\u00e9 de nous\",\"item\":\"https:\\\/\\\/www.eams-industrie.com\\\/categorie\\\/presse\\\/\"},{\"@type\":\"ListItem\",\"position\":3,\"name\":\"Quimper. Les mastodontes d\u2019EAMS Industrie ont pris la direction de l\u2019Autriche\"}]},{\"@type\":\"WebSite\",\"@id\":\"https:\\\/\\\/www.eams-industrie.com\\\/#website\",\"url\":\"https:\\\/\\\/www.eams-industrie.com\\\/\",\"name\":\"EAMS Industrie\",\"description\":\"Conception et fabrication d\u2019\u00e9quipements pour l\u2019agroalimentaire et l\u2019industrie\",\"publisher\":{\"@id\":\"https:\\\/\\\/www.eams-industrie.com\\\/#organization\"},\"potentialAction\":[{\"@type\":\"SearchAction\",\"target\":{\"@type\":\"EntryPoint\",\"urlTemplate\":\"https:\\\/\\\/www.eams-industrie.com\\\/?s={search_term_string}\"},\"query-input\":{\"@type\":\"PropertyValueSpecification\",\"valueRequired\":true,\"valueName\":\"search_term_string\"}}],\"inLanguage\":\"en-GB\"},{\"@type\":\"Organization\",\"@id\":\"https:\\\/\\\/www.eams-industrie.com\\\/#organization\",\"name\":\"EAMS Industrie\",\"url\":\"https:\\\/\\\/www.eams-industrie.com\\\/\",\"logo\":{\"@type\":\"ImageObject\",\"inLanguage\":\"en-GB\",\"@id\":\"https:\\\/\\\/www.eams-industrie.com\\\/#\\\/schema\\\/logo\\\/image\\\/\",\"url\":\"https:\\\/\\\/www.eams-industrie.com\\\/wp-content\\\/uploads\\\/2023\\\/01\\\/Logo-EAMS.svg\",\"contentUrl\":\"https:\\\/\\\/www.eams-industrie.com\\\/wp-content\\\/uploads\\\/2023\\\/01\\\/Logo-EAMS.svg\",\"width\":149,\"height\":71,\"caption\":\"EAMS Industrie\"},\"image\":{\"@id\":\"https:\\\/\\\/www.eams-industrie.com\\\/#\\\/schema\\\/logo\\\/image\\\/\"}},{\"@type\":\"Person\",\"@id\":\"https:\\\/\\\/www.eams-industrie.com\\\/#\\\/schema\\\/person\\\/133bdfedb18acbe826cbee2da8e8461d\",\"name\":\"Maxime\",\"image\":{\"@type\":\"ImageObject\",\"inLanguage\":\"en-GB\",\"@id\":\"https:\\\/\\\/secure.gravatar.com\\\/avatar\\\/f482fd000d5e5ffba6a207c3381cac19a81cd3d2827662d03d3efec5a46f0a57?s=96&d=mm&r=g\",\"url\":\"https:\\\/\\\/secure.gravatar.com\\\/avatar\\\/f482fd000d5e5ffba6a207c3381cac19a81cd3d2827662d03d3efec5a46f0a57?s=96&d=mm&r=g\",\"contentUrl\":\"https:\\\/\\\/secure.gravatar.com\\\/avatar\\\/f482fd000d5e5ffba6a207c3381cac19a81cd3d2827662d03d3efec5a46f0a57?s=96&d=mm&r=g\",\"caption\":\"Maxime\"},\"sameAs\":[\"https:\\\/\\\/www.eams-industrie.com\"],\"url\":\"https:\\\/\\\/www.eams-industrie.com\\\/en\\\/author\\\/Maxime\\\/\"}]}<\/script>\n<!-- \/ Yoast SEO plugin. -->","yoast_head_json":{"title":"Quimper. EAMS Industrie's behemoths head for Austria - EAMS Industrie","robots":{"index":"index","follow":"follow","max-snippet":"max-snippet:-1","max-image-preview":"max-image-preview:large","max-video-preview":"max-video-preview:-1"},"canonical":"https:\/\/www.eams-industrie.com\/en\/press\/quimper-the-deams-industry-behemoths-head-for-austria\/","og_locale":"en_GB","og_type":"article","og_title":"Quimper. Les mastodontes d\u2019EAMS Industrie ont pris la direction de l\u2019Autriche - EAMS Industrie","og_description":"Un convoi exceptionnel est parti ce lundi 7 mars, \u00e0 17 h, de l\u2019usine EAMS Industrie, sp\u00e9cialiste dans la fabrication de lignes de pr\u00e9paration industrielle de l\u00e9gumes, \u00e0 Quimper (Finist\u00e8re). Ce sont au total plus de 25 tonnes d\u2019acier et de PVC qui vont sillonner les routes pour une arriv\u00e9e pr\u00e9vue vendredi en Autriche, dans [&hellip;]","og_url":"https:\/\/www.eams-industrie.com\/en\/press\/quimper-the-deams-industry-behemoths-head-for-austria\/","og_site_name":"EAMS Industrie","article_published_time":"2014-09-01T12:59:16+00:00","article_modified_time":"2026-03-12T13:59:49+00:00","og_image":[{"width":1200,"height":900,"url":"https:\/\/www.eams-industrie.com\/wp-content\/uploads\/2016\/12\/quimper-export-autriche-1.png","type":"image\/png"}],"author":"Maxime","twitter_card":"summary_large_image","twitter_misc":{"Written by":"Maxime","Estimated reading time":"1 minute"},"schema":{"@context":"https:\/\/schema.org","@graph":[{"@type":"Article","@id":"https:\/\/www.eams-industrie.com\/presse\/quimper-les-mastodontes-deams-industrie-ont-pris-la-direction-de-lautriche\/#article","isPartOf":{"@id":"https:\/\/www.eams-industrie.com\/presse\/quimper-les-mastodontes-deams-industrie-ont-pris-la-direction-de-lautriche\/"},"author":{"name":"Maxime","@id":"https:\/\/www.eams-industrie.com\/#\/schema\/person\/133bdfedb18acbe826cbee2da8e8461d"},"headline":"Quimper. Les mastodontes d\u2019EAMS Industrie ont pris la direction de l\u2019Autriche","datePublished":"2014-09-01T12:59:16+00:00","dateModified":"2026-03-12T13:59:49+00:00","mainEntityOfPage":{"@id":"https:\/\/www.eams-industrie.com\/presse\/quimper-les-mastodontes-deams-industrie-ont-pris-la-direction-de-lautriche\/"},"wordCount":120,"publisher":{"@id":"https:\/\/www.eams-industrie.com\/#organization"},"image":{"@id":"https:\/\/www.eams-industrie.com\/presse\/quimper-les-mastodontes-deams-industrie-ont-pris-la-direction-de-lautriche\/#primaryimage"},"thumbnailUrl":"https:\/\/www.eams-industrie.com\/wp-content\/uploads\/2016\/12\/quimper-export-autriche-1.png","articleSection":["On a parl\u00e9 de nous"],"inLanguage":"en-GB"},{"@type":"WebPage","@id":"https:\/\/www.eams-industrie.com\/presse\/quimper-les-mastodontes-deams-industrie-ont-pris-la-direction-de-lautriche\/","url":"https:\/\/www.eams-industrie.com\/presse\/quimper-les-mastodontes-deams-industrie-ont-pris-la-direction-de-lautriche\/","name":"Quimper. EAMS Industrie's behemoths head for Austria - EAMS Industrie","isPartOf":{"@id":"https:\/\/www.eams-industrie.com\/#website"},"primaryImageOfPage":{"@id":"https:\/\/www.eams-industrie.com\/presse\/quimper-les-mastodontes-deams-industrie-ont-pris-la-direction-de-lautriche\/#primaryimage"},"image":{"@id":"https:\/\/www.eams-industrie.com\/presse\/quimper-les-mastodontes-deams-industrie-ont-pris-la-direction-de-lautriche\/#primaryimage"},"thumbnailUrl":"https:\/\/www.eams-industrie.com\/wp-content\/uploads\/2016\/12\/quimper-export-autriche-1.png","datePublished":"2014-09-01T12:59:16+00:00","dateModified":"2026-03-12T13:59:49+00:00","breadcrumb":{"@id":"https:\/\/www.eams-industrie.com\/presse\/quimper-les-mastodontes-deams-industrie-ont-pris-la-direction-de-lautriche\/#breadcrumb"},"inLanguage":"en-GB","potentialAction":[{"@type":"ReadAction","target":["https:\/\/www.eams-industrie.com\/presse\/quimper-les-mastodontes-deams-industrie-ont-pris-la-direction-de-lautriche\/"]}]},{"@type":"ImageObject","inLanguage":"en-GB","@id":"https:\/\/www.eams-industrie.com\/presse\/quimper-les-mastodontes-deams-industrie-ont-pris-la-direction-de-lautriche\/#primaryimage","url":"https:\/\/www.eams-industrie.com\/wp-content\/uploads\/2016\/12\/quimper-export-autriche-1.png","contentUrl":"https:\/\/www.eams-industrie.com\/wp-content\/uploads\/2016\/12\/quimper-export-autriche-1.png","width":1200,"height":900},{"@type":"BreadcrumbList","@id":"https:\/\/www.eams-industrie.com\/presse\/quimper-les-mastodontes-deams-industrie-ont-pris-la-direction-de-lautriche\/#breadcrumb","itemListElement":[{"@type":"ListItem","position":1,"name":"Accueil","item":"https:\/\/www.eams-industrie.com\/"},{"@type":"ListItem","position":2,"name":"On a parl\u00e9 de nous","item":"https:\/\/www.eams-industrie.com\/categorie\/presse\/"},{"@type":"ListItem","position":3,"name":"Quimper. Les mastodontes d\u2019EAMS Industrie ont pris la direction de l\u2019Autriche"}]},{"@type":"WebSite","@id":"https:\/\/www.eams-industrie.com\/#website","url":"https:\/\/www.eams-industrie.com\/","name":"EAMS Industrie","description":"Design and manufacture of equipment for the agri-food and industrial sectors","publisher":{"@id":"https:\/\/www.eams-industrie.com\/#organization"},"potentialAction":[{"@type":"SearchAction","target":{"@type":"EntryPoint","urlTemplate":"https:\/\/www.eams-industrie.com\/?s={search_term_string}"},"query-input":{"@type":"PropertyValueSpecification","valueRequired":true,"valueName":"search_term_string"}}],"inLanguage":"en-GB"},{"@type":"Organization","@id":"https:\/\/www.eams-industrie.com\/#organization","name":"EAMS Industrie","url":"https:\/\/www.eams-industrie.com\/","logo":{"@type":"ImageObject","inLanguage":"en-GB","@id":"https:\/\/www.eams-industrie.com\/#\/schema\/logo\/image\/","url":"https:\/\/www.eams-industrie.com\/wp-content\/uploads\/2023\/01\/Logo-EAMS.svg","contentUrl":"https:\/\/www.eams-industrie.com\/wp-content\/uploads\/2023\/01\/Logo-EAMS.svg","width":149,"height":71,"caption":"EAMS Industrie"},"image":{"@id":"https:\/\/www.eams-industrie.com\/#\/schema\/logo\/image\/"}},{"@type":"Person","@id":"https:\/\/www.eams-industrie.com\/#\/schema\/person\/133bdfedb18acbe826cbee2da8e8461d","name":"Maxime","image":{"@type":"ImageObject","inLanguage":"en-GB","@id":"https:\/\/secure.gravatar.com\/avatar\/f482fd000d5e5ffba6a207c3381cac19a81cd3d2827662d03d3efec5a46f0a57?s=96&d=mm&r=g","url":"https:\/\/secure.gravatar.com\/avatar\/f482fd000d5e5ffba6a207c3381cac19a81cd3d2827662d03d3efec5a46f0a57?s=96&d=mm&r=g","contentUrl":"https:\/\/secure.gravatar.com\/avatar\/f482fd000d5e5ffba6a207c3381cac19a81cd3d2827662d03d3efec5a46f0a57?s=96&d=mm&r=g","caption":"Maxime"},"sameAs":["https:\/\/www.eams-industrie.com"],"url":"https:\/\/www.eams-industrie.com\/en\/author\/Maxime\/"}]}},"_links":{"self":[{"href":"https:\/\/www.eams-industrie.com\/en\/wp-json\/wp\/v2\/posts\/79637","targetHints":{"allow":["GET"]}}],"collection":[{"href":"https:\/\/www.eams-industrie.com\/en\/wp-json\/wp\/v2\/posts"}],"about":[{"href":"https:\/\/www.eams-industrie.com\/en\/wp-json\/wp\/v2\/types\/post"}],"author":[{"embeddable":true,"href":"https:\/\/www.eams-industrie.com\/en\/wp-json\/wp\/v2\/users\/1"}],"replies":[{"embeddable":true,"href":"https:\/\/www.eams-industrie.com\/en\/wp-json\/wp\/v2\/comments?post=79637"}],"version-history":[{"count":2,"href":"https:\/\/www.eams-industrie.com\/en\/wp-json\/wp\/v2\/posts\/79637\/revisions"}],"predecessor-version":[{"id":79641,"href":"https:\/\/www.eams-industrie.com\/en\/wp-json\/wp\/v2\/posts\/79637\/revisions\/79641"}],"wp:featuredmedia":[{"embeddable":true,"href":"https:\/\/www.eams-industrie.com\/en\/wp-json\/wp\/v2\/media\/75284"}],"wp:attachment":[{"href":"https:\/\/www.eams-industrie.com\/en\/wp-json\/wp\/v2\/media?parent=79637"}],"wp:term":[{"taxonomy":"category","embeddable":true,"href":"https:\/\/www.eams-industrie.com\/en\/wp-json\/wp\/v2\/categories?post=79637"},{"taxonomy":"post_tag","embeddable":true,"href":"https:\/\/www.eams-industrie.com\/en\/wp-json\/wp\/v2\/tags?post=79637"}],"curies":[{"name":"wp","href":"https:\/\/api.w.org\/{rel}","templated":true}]}}