{"id":78949,"date":"2026-02-06T12:24:15","date_gmt":"2026-02-06T11:24:15","guid":{"rendered":"https:\/\/www.eams-industrie.com\/?p=78949"},"modified":"2026-02-14T11:07:19","modified_gmt":"2026-02-14T10:07:19","slug":"elevador-monorrail","status":"publish","type":"post","link":"https:\/\/www.eams-industrie.com\/es\/equipements-et-accessoires\/monte-charge-monorail-a-palan\/","title":{"rendered":"Montacargas"},"content":{"rendered":"<p data-start=\"135\" data-end=\"463\">Este <strong data-start=\"162\" data-end=\"184\">dispositivo de elevaci\u00f3n<\/strong> est\u00e1 dise\u00f1ado para garantizar <strong data-start=\"207\" data-end=\"275\">transporte vertical de mercanc\u00edas, bultos y cargas diversas<\/strong> de un nivel a otro, con total seguridad.<\/p>\n<p data-start=\"465\" data-end=\"838\">El sistema se basa en un <strong data-start=\"490\" data-end=\"540\">cable de elevaci\u00f3n enrollado en un cabrestante<\/strong>, Esto garantiza un movimiento controlado y preciso de las cargas. Se puede impartir formaci\u00f3n <strong data-start=\"634\" data-end=\"654\">por motorizaci\u00f3n<\/strong>, con o sin <strong data-start=\"669\" data-end=\"700\">sistema de reducci\u00f3n de engranajes<\/strong>, o <strong data-start=\"705\" data-end=\"735\">manualmente con manivela<\/strong>, Esto significa que puede adaptarse de forma \u00f3ptima a las limitaciones operativas y a las necesidades espec\u00edficas del emplazamiento.<\/p>\n<p data-start=\"465\" data-end=\"838\">","protected":false},"excerpt":{"rendered":"<p>Cet appareil de levage est con\u00e7u pour assurer le transport vertical de marchandises, fardeaux et charges diverses d\u2019un niveau \u00e0 un autre, en toute s\u00e9curit\u00e9. Le syst\u00e8me repose sur un c\u00e2ble de levage s\u2019enroulant autour d\u2019un treuil, garantissant un d\u00e9placement ma\u00eetris\u00e9 et pr\u00e9cis des charges. L\u2019entra\u00eenement peut \u00eatre assur\u00e9 par motorisation, avec ou sans syst\u00e8me [&hellip;]<\/p>\n","protected":false},"author":3,"featured_media":78950,"comment_status":"closed","ping_status":"closed","sticky":false,"template":"","format":"standard","meta":{"_acf_changed":false,"iawp_total_views":7,"footnotes":""},"categories":[72],"tags":[],"class_list":["post-78949","post","type-post","status-publish","format-standard","has-post-thumbnail","hentry","category-equipements-et-accessoires"],"acf":[],"yoast_head":"<!-- This site is optimized with the Yoast SEO plugin v27.4 - https:\/\/yoast.com\/product\/yoast-seo-wordpress\/ -->\n<title>Monte-charge - EAMS Industrie<\/title>\n<meta name=\"robots\" content=\"index, follow, max-snippet:-1, max-image-preview:large, max-video-preview:-1\" \/>\n<link rel=\"canonical\" href=\"https:\/\/www.eams-industrie.com\/es\/equipos-y-accesorios\/elevador-monorrail\/\" \/>\n<meta property=\"og:locale\" content=\"es_ES\" \/>\n<meta property=\"og:type\" content=\"article\" \/>\n<meta property=\"og:title\" content=\"Monte-charge - EAMS Industrie\" \/>\n<meta property=\"og:description\" content=\"Cet appareil de levage est con\u00e7u pour assurer le transport vertical de marchandises, fardeaux et charges diverses d\u2019un niveau \u00e0 un autre, en toute s\u00e9curit\u00e9. Le syst\u00e8me repose sur un c\u00e2ble de levage s\u2019enroulant autour d\u2019un treuil, garantissant un d\u00e9placement ma\u00eetris\u00e9 et pr\u00e9cis des charges. L\u2019entra\u00eenement peut \u00eatre assur\u00e9 par motorisation, avec ou sans syst\u00e8me [&hellip;]\" \/>\n<meta property=\"og:url\" content=\"https:\/\/www.eams-industrie.com\/es\/equipos-y-accesorios\/elevador-monorrail\/\" \/>\n<meta property=\"og:site_name\" content=\"EAMS Industrie\" \/>\n<meta property=\"article:published_time\" content=\"2026-02-06T11:24:15+00:00\" \/>\n<meta property=\"article:modified_time\" content=\"2026-02-14T10:07:19+00:00\" \/>\n<meta property=\"og:image\" content=\"https:\/\/www.eams-industrie.com\/wp-content\/uploads\/2026\/02\/Gemini_Generated_Image_eq4qk6eq4qk6eq4q.png\" \/>\n\t<meta property=\"og:image:width\" content=\"864\" \/>\n\t<meta property=\"og:image:height\" content=\"1184\" \/>\n\t<meta property=\"og:image:type\" content=\"image\/png\" \/>\n<meta name=\"author\" content=\"Gilbert\" \/>\n<meta name=\"twitter:card\" content=\"summary_large_image\" \/>\n<meta name=\"twitter:label1\" content=\"Escrito por\" \/>\n\t<meta name=\"twitter:data1\" content=\"Gilbert\" \/>\n\t<meta name=\"twitter:label2\" content=\"Tiempo de lectura\" \/>\n\t<meta name=\"twitter:data2\" content=\"1 minuto\" \/>\n<script type=\"application\/ld+json\" class=\"yoast-schema-graph\">{\"@context\":\"https:\\\/\\\/schema.org\",\"@graph\":[{\"@type\":\"Article\",\"@id\":\"https:\\\/\\\/www.eams-industrie.com\\\/equipements-et-accessoires\\\/monte-charge-monorail-a-palan\\\/#article\",\"isPartOf\":{\"@id\":\"https:\\\/\\\/www.eams-industrie.com\\\/equipements-et-accessoires\\\/monte-charge-monorail-a-palan\\\/\"},\"author\":{\"name\":\"Gilbert\",\"@id\":\"https:\\\/\\\/www.eams-industrie.com\\\/#\\\/schema\\\/person\\\/d15d5d26f08e983dcfe3fe89573d26a9\"},\"headline\":\"Monte-charge\",\"datePublished\":\"2026-02-06T11:24:15+00:00\",\"dateModified\":\"2026-02-14T10:07:19+00:00\",\"mainEntityOfPage\":{\"@id\":\"https:\\\/\\\/www.eams-industrie.com\\\/equipements-et-accessoires\\\/monte-charge-monorail-a-palan\\\/\"},\"wordCount\":90,\"publisher\":{\"@id\":\"https:\\\/\\\/www.eams-industrie.com\\\/#organization\"},\"image\":{\"@id\":\"https:\\\/\\\/www.eams-industrie.com\\\/equipements-et-accessoires\\\/monte-charge-monorail-a-palan\\\/#primaryimage\"},\"thumbnailUrl\":\"https:\\\/\\\/www.eams-industrie.com\\\/wp-content\\\/uploads\\\/2026\\\/02\\\/Gemini_Generated_Image_eq4qk6eq4qk6eq4q.png\",\"articleSection\":[\"Equipements et accessoires\"],\"inLanguage\":\"es\"},{\"@type\":\"WebPage\",\"@id\":\"https:\\\/\\\/www.eams-industrie.com\\\/equipements-et-accessoires\\\/monte-charge-monorail-a-palan\\\/\",\"url\":\"https:\\\/\\\/www.eams-industrie.com\\\/equipements-et-accessoires\\\/monte-charge-monorail-a-palan\\\/\",\"name\":\"Monte-charge - EAMS Industrie\",\"isPartOf\":{\"@id\":\"https:\\\/\\\/www.eams-industrie.com\\\/#website\"},\"primaryImageOfPage\":{\"@id\":\"https:\\\/\\\/www.eams-industrie.com\\\/equipements-et-accessoires\\\/monte-charge-monorail-a-palan\\\/#primaryimage\"},\"image\":{\"@id\":\"https:\\\/\\\/www.eams-industrie.com\\\/equipements-et-accessoires\\\/monte-charge-monorail-a-palan\\\/#primaryimage\"},\"thumbnailUrl\":\"https:\\\/\\\/www.eams-industrie.com\\\/wp-content\\\/uploads\\\/2026\\\/02\\\/Gemini_Generated_Image_eq4qk6eq4qk6eq4q.png\",\"datePublished\":\"2026-02-06T11:24:15+00:00\",\"dateModified\":\"2026-02-14T10:07:19+00:00\",\"breadcrumb\":{\"@id\":\"https:\\\/\\\/www.eams-industrie.com\\\/equipements-et-accessoires\\\/monte-charge-monorail-a-palan\\\/#breadcrumb\"},\"inLanguage\":\"es\",\"potentialAction\":[{\"@type\":\"ReadAction\",\"target\":[\"https:\\\/\\\/www.eams-industrie.com\\\/equipements-et-accessoires\\\/monte-charge-monorail-a-palan\\\/\"]}]},{\"@type\":\"ImageObject\",\"inLanguage\":\"es\",\"@id\":\"https:\\\/\\\/www.eams-industrie.com\\\/equipements-et-accessoires\\\/monte-charge-monorail-a-palan\\\/#primaryimage\",\"url\":\"https:\\\/\\\/www.eams-industrie.com\\\/wp-content\\\/uploads\\\/2026\\\/02\\\/Gemini_Generated_Image_eq4qk6eq4qk6eq4q.png\",\"contentUrl\":\"https:\\\/\\\/www.eams-industrie.com\\\/wp-content\\\/uploads\\\/2026\\\/02\\\/Gemini_Generated_Image_eq4qk6eq4qk6eq4q.png\",\"width\":864,\"height\":1184,\"caption\":\"Monte charge \u00e0 treuil manuel\"},{\"@type\":\"BreadcrumbList\",\"@id\":\"https:\\\/\\\/www.eams-industrie.com\\\/equipements-et-accessoires\\\/monte-charge-monorail-a-palan\\\/#breadcrumb\",\"itemListElement\":[{\"@type\":\"ListItem\",\"position\":1,\"name\":\"Accueil\",\"item\":\"https:\\\/\\\/www.eams-industrie.com\\\/\"},{\"@type\":\"ListItem\",\"position\":2,\"name\":\"Equipements et accessoires\",\"item\":\"https:\\\/\\\/www.eams-industrie.com\\\/categorie\\\/equipements-et-accessoires\\\/\"},{\"@type\":\"ListItem\",\"position\":3,\"name\":\"Monte-charge\"}]},{\"@type\":\"WebSite\",\"@id\":\"https:\\\/\\\/www.eams-industrie.com\\\/#website\",\"url\":\"https:\\\/\\\/www.eams-industrie.com\\\/\",\"name\":\"EAMS Industrie\",\"description\":\"Conception et fabrication d\u2019\u00e9quipements pour l\u2019agroalimentaire et l\u2019industrie\",\"publisher\":{\"@id\":\"https:\\\/\\\/www.eams-industrie.com\\\/#organization\"},\"potentialAction\":[{\"@type\":\"SearchAction\",\"target\":{\"@type\":\"EntryPoint\",\"urlTemplate\":\"https:\\\/\\\/www.eams-industrie.com\\\/?s={search_term_string}\"},\"query-input\":{\"@type\":\"PropertyValueSpecification\",\"valueRequired\":true,\"valueName\":\"search_term_string\"}}],\"inLanguage\":\"es\"},{\"@type\":\"Organization\",\"@id\":\"https:\\\/\\\/www.eams-industrie.com\\\/#organization\",\"name\":\"EAMS Industrie\",\"url\":\"https:\\\/\\\/www.eams-industrie.com\\\/\",\"logo\":{\"@type\":\"ImageObject\",\"inLanguage\":\"es\",\"@id\":\"https:\\\/\\\/www.eams-industrie.com\\\/#\\\/schema\\\/logo\\\/image\\\/\",\"url\":\"https:\\\/\\\/www.eams-industrie.com\\\/wp-content\\\/uploads\\\/2023\\\/01\\\/Logo-EAMS.svg\",\"contentUrl\":\"https:\\\/\\\/www.eams-industrie.com\\\/wp-content\\\/uploads\\\/2023\\\/01\\\/Logo-EAMS.svg\",\"width\":149,\"height\":71,\"caption\":\"EAMS Industrie\"},\"image\":{\"@id\":\"https:\\\/\\\/www.eams-industrie.com\\\/#\\\/schema\\\/logo\\\/image\\\/\"}},{\"@type\":\"Person\",\"@id\":\"https:\\\/\\\/www.eams-industrie.com\\\/#\\\/schema\\\/person\\\/d15d5d26f08e983dcfe3fe89573d26a9\",\"name\":\"Gilbert\",\"image\":{\"@type\":\"ImageObject\",\"inLanguage\":\"es\",\"@id\":\"https:\\\/\\\/secure.gravatar.com\\\/avatar\\\/a4f8065cea7210a89dc8a12caed14fa3627d1713498e66dc1129ff739be35356?s=96&d=mm&r=g\",\"url\":\"https:\\\/\\\/secure.gravatar.com\\\/avatar\\\/a4f8065cea7210a89dc8a12caed14fa3627d1713498e66dc1129ff739be35356?s=96&d=mm&r=g\",\"contentUrl\":\"https:\\\/\\\/secure.gravatar.com\\\/avatar\\\/a4f8065cea7210a89dc8a12caed14fa3627d1713498e66dc1129ff739be35356?s=96&d=mm&r=g\",\"caption\":\"Gilbert\"},\"url\":\"https:\\\/\\\/www.eams-industrie.com\\\/es\\\/author\\\/gilbert\\\/\"}]}<\/script>\n<!-- \/ Yoast SEO plugin. -->","yoast_head_json":{"title":"Montacargas - EAMS Industrie","robots":{"index":"index","follow":"follow","max-snippet":"max-snippet:-1","max-image-preview":"max-image-preview:large","max-video-preview":"max-video-preview:-1"},"canonical":"https:\/\/www.eams-industrie.com\/es\/equipos-y-accesorios\/elevador-monorrail\/","og_locale":"es_ES","og_type":"article","og_title":"Monte-charge - EAMS Industrie","og_description":"Cet appareil de levage est con\u00e7u pour assurer le transport vertical de marchandises, fardeaux et charges diverses d\u2019un niveau \u00e0 un autre, en toute s\u00e9curit\u00e9. Le syst\u00e8me repose sur un c\u00e2ble de levage s\u2019enroulant autour d\u2019un treuil, garantissant un d\u00e9placement ma\u00eetris\u00e9 et pr\u00e9cis des charges. L\u2019entra\u00eenement peut \u00eatre assur\u00e9 par motorisation, avec ou sans syst\u00e8me [&hellip;]","og_url":"https:\/\/www.eams-industrie.com\/es\/equipos-y-accesorios\/elevador-monorrail\/","og_site_name":"EAMS Industrie","article_published_time":"2026-02-06T11:24:15+00:00","article_modified_time":"2026-02-14T10:07:19+00:00","og_image":[{"width":864,"height":1184,"url":"https:\/\/www.eams-industrie.com\/wp-content\/uploads\/2026\/02\/Gemini_Generated_Image_eq4qk6eq4qk6eq4q.png","type":"image\/png"}],"author":"Gilbert","twitter_card":"summary_large_image","twitter_misc":{"Escrito por":"Gilbert","Tiempo de lectura":"1 minuto"},"schema":{"@context":"https:\/\/schema.org","@graph":[{"@type":"Article","@id":"https:\/\/www.eams-industrie.com\/equipements-et-accessoires\/monte-charge-monorail-a-palan\/#article","isPartOf":{"@id":"https:\/\/www.eams-industrie.com\/equipements-et-accessoires\/monte-charge-monorail-a-palan\/"},"author":{"name":"Gilbert","@id":"https:\/\/www.eams-industrie.com\/#\/schema\/person\/d15d5d26f08e983dcfe3fe89573d26a9"},"headline":"Monte-charge","datePublished":"2026-02-06T11:24:15+00:00","dateModified":"2026-02-14T10:07:19+00:00","mainEntityOfPage":{"@id":"https:\/\/www.eams-industrie.com\/equipements-et-accessoires\/monte-charge-monorail-a-palan\/"},"wordCount":90,"publisher":{"@id":"https:\/\/www.eams-industrie.com\/#organization"},"image":{"@id":"https:\/\/www.eams-industrie.com\/equipements-et-accessoires\/monte-charge-monorail-a-palan\/#primaryimage"},"thumbnailUrl":"https:\/\/www.eams-industrie.com\/wp-content\/uploads\/2026\/02\/Gemini_Generated_Image_eq4qk6eq4qk6eq4q.png","articleSection":["Equipements et accessoires"],"inLanguage":"es"},{"@type":"WebPage","@id":"https:\/\/www.eams-industrie.com\/equipements-et-accessoires\/monte-charge-monorail-a-palan\/","url":"https:\/\/www.eams-industrie.com\/equipements-et-accessoires\/monte-charge-monorail-a-palan\/","name":"Montacargas - EAMS Industrie","isPartOf":{"@id":"https:\/\/www.eams-industrie.com\/#website"},"primaryImageOfPage":{"@id":"https:\/\/www.eams-industrie.com\/equipements-et-accessoires\/monte-charge-monorail-a-palan\/#primaryimage"},"image":{"@id":"https:\/\/www.eams-industrie.com\/equipements-et-accessoires\/monte-charge-monorail-a-palan\/#primaryimage"},"thumbnailUrl":"https:\/\/www.eams-industrie.com\/wp-content\/uploads\/2026\/02\/Gemini_Generated_Image_eq4qk6eq4qk6eq4q.png","datePublished":"2026-02-06T11:24:15+00:00","dateModified":"2026-02-14T10:07:19+00:00","breadcrumb":{"@id":"https:\/\/www.eams-industrie.com\/equipements-et-accessoires\/monte-charge-monorail-a-palan\/#breadcrumb"},"inLanguage":"es","potentialAction":[{"@type":"ReadAction","target":["https:\/\/www.eams-industrie.com\/equipements-et-accessoires\/monte-charge-monorail-a-palan\/"]}]},{"@type":"ImageObject","inLanguage":"es","@id":"https:\/\/www.eams-industrie.com\/equipements-et-accessoires\/monte-charge-monorail-a-palan\/#primaryimage","url":"https:\/\/www.eams-industrie.com\/wp-content\/uploads\/2026\/02\/Gemini_Generated_Image_eq4qk6eq4qk6eq4q.png","contentUrl":"https:\/\/www.eams-industrie.com\/wp-content\/uploads\/2026\/02\/Gemini_Generated_Image_eq4qk6eq4qk6eq4q.png","width":864,"height":1184,"caption":"Monte charge \u00e0 treuil manuel"},{"@type":"BreadcrumbList","@id":"https:\/\/www.eams-industrie.com\/equipements-et-accessoires\/monte-charge-monorail-a-palan\/#breadcrumb","itemListElement":[{"@type":"ListItem","position":1,"name":"Accueil","item":"https:\/\/www.eams-industrie.com\/"},{"@type":"ListItem","position":2,"name":"Equipements et accessoires","item":"https:\/\/www.eams-industrie.com\/categorie\/equipements-et-accessoires\/"},{"@type":"ListItem","position":3,"name":"Monte-charge"}]},{"@type":"WebSite","@id":"https:\/\/www.eams-industrie.com\/#website","url":"https:\/\/www.eams-industrie.com\/","name":"EAMS Industrie","description":"Dise\u00f1o y fabricaci\u00f3n de equipos para los sectores agroalimentario e industrial","publisher":{"@id":"https:\/\/www.eams-industrie.com\/#organization"},"potentialAction":[{"@type":"SearchAction","target":{"@type":"EntryPoint","urlTemplate":"https:\/\/www.eams-industrie.com\/?s={search_term_string}"},"query-input":{"@type":"PropertyValueSpecification","valueRequired":true,"valueName":"search_term_string"}}],"inLanguage":"es"},{"@type":"Organization","@id":"https:\/\/www.eams-industrie.com\/#organization","name":"EAMS Industrie","url":"https:\/\/www.eams-industrie.com\/","logo":{"@type":"ImageObject","inLanguage":"es","@id":"https:\/\/www.eams-industrie.com\/#\/schema\/logo\/image\/","url":"https:\/\/www.eams-industrie.com\/wp-content\/uploads\/2023\/01\/Logo-EAMS.svg","contentUrl":"https:\/\/www.eams-industrie.com\/wp-content\/uploads\/2023\/01\/Logo-EAMS.svg","width":149,"height":71,"caption":"EAMS Industrie"},"image":{"@id":"https:\/\/www.eams-industrie.com\/#\/schema\/logo\/image\/"}},{"@type":"Person","@id":"https:\/\/www.eams-industrie.com\/#\/schema\/person\/d15d5d26f08e983dcfe3fe89573d26a9","name":"Gilbert","image":{"@type":"ImageObject","inLanguage":"es","@id":"https:\/\/secure.gravatar.com\/avatar\/a4f8065cea7210a89dc8a12caed14fa3627d1713498e66dc1129ff739be35356?s=96&d=mm&r=g","url":"https:\/\/secure.gravatar.com\/avatar\/a4f8065cea7210a89dc8a12caed14fa3627d1713498e66dc1129ff739be35356?s=96&d=mm&r=g","contentUrl":"https:\/\/secure.gravatar.com\/avatar\/a4f8065cea7210a89dc8a12caed14fa3627d1713498e66dc1129ff739be35356?s=96&d=mm&r=g","caption":"Gilbert"},"url":"https:\/\/www.eams-industrie.com\/es\/author\/gilbert\/"}]}},"_links":{"self":[{"href":"https:\/\/www.eams-industrie.com\/es\/wp-json\/wp\/v2\/posts\/78949","targetHints":{"allow":["GET"]}}],"collection":[{"href":"https:\/\/www.eams-industrie.com\/es\/wp-json\/wp\/v2\/posts"}],"about":[{"href":"https:\/\/www.eams-industrie.com\/es\/wp-json\/wp\/v2\/types\/post"}],"author":[{"embeddable":true,"href":"https:\/\/www.eams-industrie.com\/es\/wp-json\/wp\/v2\/users\/3"}],"replies":[{"embeddable":true,"href":"https:\/\/www.eams-industrie.com\/es\/wp-json\/wp\/v2\/comments?post=78949"}],"version-history":[{"count":3,"href":"https:\/\/www.eams-industrie.com\/es\/wp-json\/wp\/v2\/posts\/78949\/revisions"}],"predecessor-version":[{"id":79070,"href":"https:\/\/www.eams-industrie.com\/es\/wp-json\/wp\/v2\/posts\/78949\/revisions\/79070"}],"wp:featuredmedia":[{"embeddable":true,"href":"https:\/\/www.eams-industrie.com\/es\/wp-json\/wp\/v2\/media\/78950"}],"wp:attachment":[{"href":"https:\/\/www.eams-industrie.com\/es\/wp-json\/wp\/v2\/media?parent=78949"}],"wp:term":[{"taxonomy":"category","embeddable":true,"href":"https:\/\/www.eams-industrie.com\/es\/wp-json\/wp\/v2\/categories?post=78949"},{"taxonomy":"post_tag","embeddable":true,"href":"https:\/\/www.eams-industrie.com\/es\/wp-json\/wp\/v2\/tags?post=78949"}],"curies":[{"name":"wp","href":"https:\/\/api.w.org\/{rel}","templated":true}]}}