{"id":77144,"date":"2025-07-22T15:36:42","date_gmt":"2025-07-22T13:36:42","guid":{"rendered":"https:\/\/www.eams-industrie.com\/actualites\/frelevateur-a-bande-modulaireenmodular-belt-conveyor\/"},"modified":"2026-02-06T17:09:22","modified_gmt":"2026-02-06T16:09:22","slug":"modulaire-bandtransporteur","status":"publish","type":"post","link":"https:\/\/www.eams-industrie.com\/nl\/fruits-et-legumes\/frelevateur-a-bande-modulaireenmodular-belt-conveyor\/","title":{"rendered":"Modulaire bandlift"},"content":{"rendered":"<h3 class=\"whitespace-break-spaces\" dir=\"auto\"><strong>De hygi\u00ebnische en robuuste oplossing voor voedselverwerking<\/strong><\/h3>\n<p class=\"whitespace-break-spaces\" dir=\"auto\">Optimaliseer je <strong>voedselproductielijnen<\/strong> met onze <strong>modulaire bandliften<\/strong>, speciaal ontworpen voor een <strong>veilige, hygi\u00ebnische en effici\u00ebnte overdracht<\/strong> de vos producten.<\/p>\n<p class=\"whitespace-break-spaces\" dir=\"auto\"><strong>Waarom kiezen voor onze lift?<\/strong><\/p>\n<ul>\n<li><strong>Structuur 100% inox 304L<\/strong>, geassembleerd door middel van lassen en bouten, voor een <strong>robuustheid en een onberispelijke hygi\u00ebne<\/strong>.<\/li>\n<li><strong>Schakelband acetal<\/strong>, met scharnierassen van polyethyleen, wat garandeert <strong>duurzaamheid en onderhoudsgemak<\/strong>.<\/li>\n<li><strong>Optimale personalisatie<\/strong> : riem beschikbaar met of zonder <strong>nokken en dakranden (schubben)<\/strong>, naar uw specifieke behoeften.<\/li>\n<li><strong>Vloeiende werking<\/strong> de band glijdt over HD-profielen, zonder overmatige spanning, om overbelasting te voorkomen en te zorgen voor <strong>maximale levensduur<\/strong>.<\/li>\n<\/ul>\n<p class=\"whitespace-break-spaces\" dir=\"auto\"><strong>Betrouwbare training<\/strong> per motorreductor, voor een <strong>regelmatige en nauwkeurige beweging<\/strong> de vos producten.<\/p>\n<p class=\"whitespace-break-spaces\" dir=\"auto\"><strong>Ideaal voor de voedingsmiddelenindustrie<\/strong>, deze lift combineert <strong>prestaties, hygi\u00ebne en aanpasbaarheid<\/strong> om aan uw strengste eisen te voldoen.<\/p>\n<p dir=\"auto\">","protected":false},"excerpt":{"rendered":"<p>La solution hygi\u00e9nique et robuste pour la manutention alimentaire Optimisez vos lignes de production alimentaire avec nos \u00e9l\u00e9vateurs \u00e0 bande modulaire, sp\u00e9cialement con\u00e7us pour un transfert s\u00e9curis\u00e9, hygi\u00e9nique et efficace de vos produits. Pourquoi choisir notre \u00e9l\u00e9vateur ? Structure 100% inox 304L, assembl\u00e9e par soudure et boulonnage, pour une solidit\u00e9 \u00e0 toute \u00e9preuve et une [&hellip;]<\/p>\n","protected":false},"author":1,"featured_media":77817,"comment_status":"closed","ping_status":"closed","sticky":false,"template":"","format":"standard","meta":{"_acf_changed":false,"iawp_total_views":1,"footnotes":""},"categories":[68,8],"tags":[49],"class_list":["post-77144","post","type-post","status-publish","format-standard","has-post-thumbnail","hentry","category-conserverie","category-fruits-et-legumes","tag-manutention"],"acf":[],"yoast_head":"<!-- This site is optimized with the Yoast SEO plugin v27.4 - https:\/\/yoast.com\/product\/yoast-seo-wordpress\/ -->\n<title>\u00c9l\u00e9vateur \u00e0 bande modulaire - EAMS Industrie<\/title>\n<meta name=\"robots\" content=\"index, follow, max-snippet:-1, max-image-preview:large, max-video-preview:-1\" \/>\n<link rel=\"canonical\" href=\"https:\/\/www.eams-industrie.com\/nl\/groenten-en-fruit\/modulaire-bandtransporteur\/\" \/>\n<meta property=\"og:locale\" content=\"nl_NL\" \/>\n<meta property=\"og:type\" content=\"article\" \/>\n<meta property=\"og:title\" content=\"\u00c9l\u00e9vateur \u00e0 bande modulaire - EAMS Industrie\" \/>\n<meta property=\"og:description\" content=\"La solution hygi\u00e9nique et robuste pour la manutention alimentaire Optimisez vos lignes de production alimentaire avec nos \u00e9l\u00e9vateurs \u00e0 bande modulaire, sp\u00e9cialement con\u00e7us pour un transfert s\u00e9curis\u00e9, hygi\u00e9nique et efficace de vos produits. Pourquoi choisir notre \u00e9l\u00e9vateur ? Structure 100% inox 304L, assembl\u00e9e par soudure et boulonnage, pour une solidit\u00e9 \u00e0 toute \u00e9preuve et une [&hellip;]\" \/>\n<meta property=\"og:url\" content=\"https:\/\/www.eams-industrie.com\/nl\/groenten-en-fruit\/modulaire-bandtransporteur\/\" \/>\n<meta property=\"og:site_name\" content=\"EAMS Industrie\" \/>\n<meta property=\"article:published_time\" content=\"2025-07-22T13:36:42+00:00\" \/>\n<meta property=\"article:modified_time\" content=\"2026-02-06T16:09:22+00:00\" \/>\n<meta property=\"og:image\" content=\"https:\/\/www.eams-industrie.com\/wp-content\/uploads\/2025\/07\/Bande-modulaire-a-picots2.jpg\" \/>\n\t<meta property=\"og:image:width\" content=\"850\" \/>\n\t<meta property=\"og:image:height\" content=\"638\" \/>\n\t<meta property=\"og:image:type\" content=\"image\/jpeg\" \/>\n<meta name=\"author\" content=\"Maxime\" \/>\n<meta name=\"twitter:card\" content=\"summary_large_image\" \/>\n<meta name=\"twitter:label1\" content=\"Geschreven door\" \/>\n\t<meta name=\"twitter:data1\" content=\"Maxime\" \/>\n\t<meta name=\"twitter:label2\" content=\"Geschatte leestijd\" \/>\n\t<meta name=\"twitter:data2\" content=\"1 minuut\" \/>\n<script type=\"application\/ld+json\" class=\"yoast-schema-graph\">{\"@context\":\"https:\\\/\\\/schema.org\",\"@graph\":[{\"@type\":\"Article\",\"@id\":\"https:\\\/\\\/www.eams-industrie.com\\\/fruits-et-legumes\\\/frelevateur-a-bande-modulaireenmodular-belt-conveyor\\\/#article\",\"isPartOf\":{\"@id\":\"https:\\\/\\\/www.eams-industrie.com\\\/fruits-et-legumes\\\/frelevateur-a-bande-modulaireenmodular-belt-conveyor\\\/\"},\"author\":{\"name\":\"Maxime\",\"@id\":\"https:\\\/\\\/www.eams-industrie.com\\\/#\\\/schema\\\/person\\\/133bdfedb18acbe826cbee2da8e8461d\"},\"headline\":\"\u00c9l\u00e9vateur \u00e0 bande modulaire\",\"datePublished\":\"2025-07-22T13:36:42+00:00\",\"dateModified\":\"2026-02-06T16:09:22+00:00\",\"mainEntityOfPage\":{\"@id\":\"https:\\\/\\\/www.eams-industrie.com\\\/fruits-et-legumes\\\/frelevateur-a-bande-modulaireenmodular-belt-conveyor\\\/\"},\"wordCount\":169,\"publisher\":{\"@id\":\"https:\\\/\\\/www.eams-industrie.com\\\/#organization\"},\"image\":{\"@id\":\"https:\\\/\\\/www.eams-industrie.com\\\/fruits-et-legumes\\\/frelevateur-a-bande-modulaireenmodular-belt-conveyor\\\/#primaryimage\"},\"thumbnailUrl\":\"https:\\\/\\\/www.eams-industrie.com\\\/wp-content\\\/uploads\\\/2025\\\/07\\\/Bande-modulaire-a-picots2.jpg\",\"keywords\":[\"Manutention\"],\"articleSection\":[\"\u00c9quipements pour Conserverie\",\"Process pour Fruits et l\u00e9gumes\"],\"inLanguage\":\"nl-NL\"},{\"@type\":\"WebPage\",\"@id\":\"https:\\\/\\\/www.eams-industrie.com\\\/fruits-et-legumes\\\/frelevateur-a-bande-modulaireenmodular-belt-conveyor\\\/\",\"url\":\"https:\\\/\\\/www.eams-industrie.com\\\/fruits-et-legumes\\\/frelevateur-a-bande-modulaireenmodular-belt-conveyor\\\/\",\"name\":\"\u00c9l\u00e9vateur \u00e0 bande modulaire - EAMS Industrie\",\"isPartOf\":{\"@id\":\"https:\\\/\\\/www.eams-industrie.com\\\/#website\"},\"primaryImageOfPage\":{\"@id\":\"https:\\\/\\\/www.eams-industrie.com\\\/fruits-et-legumes\\\/frelevateur-a-bande-modulaireenmodular-belt-conveyor\\\/#primaryimage\"},\"image\":{\"@id\":\"https:\\\/\\\/www.eams-industrie.com\\\/fruits-et-legumes\\\/frelevateur-a-bande-modulaireenmodular-belt-conveyor\\\/#primaryimage\"},\"thumbnailUrl\":\"https:\\\/\\\/www.eams-industrie.com\\\/wp-content\\\/uploads\\\/2025\\\/07\\\/Bande-modulaire-a-picots2.jpg\",\"datePublished\":\"2025-07-22T13:36:42+00:00\",\"dateModified\":\"2026-02-06T16:09:22+00:00\",\"breadcrumb\":{\"@id\":\"https:\\\/\\\/www.eams-industrie.com\\\/fruits-et-legumes\\\/frelevateur-a-bande-modulaireenmodular-belt-conveyor\\\/#breadcrumb\"},\"inLanguage\":\"nl-NL\",\"potentialAction\":[{\"@type\":\"ReadAction\",\"target\":[\"https:\\\/\\\/www.eams-industrie.com\\\/fruits-et-legumes\\\/frelevateur-a-bande-modulaireenmodular-belt-conveyor\\\/\"]}]},{\"@type\":\"ImageObject\",\"inLanguage\":\"nl-NL\",\"@id\":\"https:\\\/\\\/www.eams-industrie.com\\\/fruits-et-legumes\\\/frelevateur-a-bande-modulaireenmodular-belt-conveyor\\\/#primaryimage\",\"url\":\"https:\\\/\\\/www.eams-industrie.com\\\/wp-content\\\/uploads\\\/2025\\\/07\\\/Bande-modulaire-a-picots2.jpg\",\"contentUrl\":\"https:\\\/\\\/www.eams-industrie.com\\\/wp-content\\\/uploads\\\/2025\\\/07\\\/Bande-modulaire-a-picots2.jpg\",\"width\":850,\"height\":638,\"caption\":\"OLYMPUS DIGITAL CAMERA\"},{\"@type\":\"BreadcrumbList\",\"@id\":\"https:\\\/\\\/www.eams-industrie.com\\\/fruits-et-legumes\\\/frelevateur-a-bande-modulaireenmodular-belt-conveyor\\\/#breadcrumb\",\"itemListElement\":[{\"@type\":\"ListItem\",\"position\":1,\"name\":\"Accueil\",\"item\":\"https:\\\/\\\/www.eams-industrie.com\\\/\"},{\"@type\":\"ListItem\",\"position\":2,\"name\":\"\u00c9quipements pour Conserverie\",\"item\":\"https:\\\/\\\/www.eams-industrie.com\\\/categorie\\\/conserverie\\\/\"},{\"@type\":\"ListItem\",\"position\":3,\"name\":\"\u00c9l\u00e9vateur \u00e0 bande modulaire\"}]},{\"@type\":\"WebSite\",\"@id\":\"https:\\\/\\\/www.eams-industrie.com\\\/#website\",\"url\":\"https:\\\/\\\/www.eams-industrie.com\\\/\",\"name\":\"EAMS Industrie\",\"description\":\"Conception et fabrication d\u2019\u00e9quipements pour l\u2019agroalimentaire et l\u2019industrie\",\"publisher\":{\"@id\":\"https:\\\/\\\/www.eams-industrie.com\\\/#organization\"},\"potentialAction\":[{\"@type\":\"SearchAction\",\"target\":{\"@type\":\"EntryPoint\",\"urlTemplate\":\"https:\\\/\\\/www.eams-industrie.com\\\/?s={search_term_string}\"},\"query-input\":{\"@type\":\"PropertyValueSpecification\",\"valueRequired\":true,\"valueName\":\"search_term_string\"}}],\"inLanguage\":\"nl-NL\"},{\"@type\":\"Organization\",\"@id\":\"https:\\\/\\\/www.eams-industrie.com\\\/#organization\",\"name\":\"EAMS Industrie\",\"url\":\"https:\\\/\\\/www.eams-industrie.com\\\/\",\"logo\":{\"@type\":\"ImageObject\",\"inLanguage\":\"nl-NL\",\"@id\":\"https:\\\/\\\/www.eams-industrie.com\\\/#\\\/schema\\\/logo\\\/image\\\/\",\"url\":\"https:\\\/\\\/www.eams-industrie.com\\\/wp-content\\\/uploads\\\/2023\\\/01\\\/Logo-EAMS.svg\",\"contentUrl\":\"https:\\\/\\\/www.eams-industrie.com\\\/wp-content\\\/uploads\\\/2023\\\/01\\\/Logo-EAMS.svg\",\"width\":149,\"height\":71,\"caption\":\"EAMS Industrie\"},\"image\":{\"@id\":\"https:\\\/\\\/www.eams-industrie.com\\\/#\\\/schema\\\/logo\\\/image\\\/\"}},{\"@type\":\"Person\",\"@id\":\"https:\\\/\\\/www.eams-industrie.com\\\/#\\\/schema\\\/person\\\/133bdfedb18acbe826cbee2da8e8461d\",\"name\":\"Maxime\",\"image\":{\"@type\":\"ImageObject\",\"inLanguage\":\"nl-NL\",\"@id\":\"https:\\\/\\\/secure.gravatar.com\\\/avatar\\\/f482fd000d5e5ffba6a207c3381cac19a81cd3d2827662d03d3efec5a46f0a57?s=96&d=mm&r=g\",\"url\":\"https:\\\/\\\/secure.gravatar.com\\\/avatar\\\/f482fd000d5e5ffba6a207c3381cac19a81cd3d2827662d03d3efec5a46f0a57?s=96&d=mm&r=g\",\"contentUrl\":\"https:\\\/\\\/secure.gravatar.com\\\/avatar\\\/f482fd000d5e5ffba6a207c3381cac19a81cd3d2827662d03d3efec5a46f0a57?s=96&d=mm&r=g\",\"caption\":\"Maxime\"},\"sameAs\":[\"https:\\\/\\\/www.eams-industrie.com\"],\"url\":\"https:\\\/\\\/www.eams-industrie.com\\\/nl\\\/author\\\/Maxime\\\/\"}]}<\/script>\n<!-- \/ Yoast SEO plugin. -->","yoast_head_json":{"title":"Modulaire bandlift - EAMS Industrie","robots":{"index":"index","follow":"follow","max-snippet":"max-snippet:-1","max-image-preview":"max-image-preview:large","max-video-preview":"max-video-preview:-1"},"canonical":"https:\/\/www.eams-industrie.com\/nl\/groenten-en-fruit\/modulaire-bandtransporteur\/","og_locale":"nl_NL","og_type":"article","og_title":"\u00c9l\u00e9vateur \u00e0 bande modulaire - EAMS Industrie","og_description":"La solution hygi\u00e9nique et robuste pour la manutention alimentaire Optimisez vos lignes de production alimentaire avec nos \u00e9l\u00e9vateurs \u00e0 bande modulaire, sp\u00e9cialement con\u00e7us pour un transfert s\u00e9curis\u00e9, hygi\u00e9nique et efficace de vos produits. Pourquoi choisir notre \u00e9l\u00e9vateur ? Structure 100% inox 304L, assembl\u00e9e par soudure et boulonnage, pour une solidit\u00e9 \u00e0 toute \u00e9preuve et une [&hellip;]","og_url":"https:\/\/www.eams-industrie.com\/nl\/groenten-en-fruit\/modulaire-bandtransporteur\/","og_site_name":"EAMS Industrie","article_published_time":"2025-07-22T13:36:42+00:00","article_modified_time":"2026-02-06T16:09:22+00:00","og_image":[{"width":850,"height":638,"url":"https:\/\/www.eams-industrie.com\/wp-content\/uploads\/2025\/07\/Bande-modulaire-a-picots2.jpg","type":"image\/jpeg"}],"author":"Maxime","twitter_card":"summary_large_image","twitter_misc":{"Geschreven door":"Maxime","Geschatte leestijd":"1 minuut"},"schema":{"@context":"https:\/\/schema.org","@graph":[{"@type":"Article","@id":"https:\/\/www.eams-industrie.com\/fruits-et-legumes\/frelevateur-a-bande-modulaireenmodular-belt-conveyor\/#article","isPartOf":{"@id":"https:\/\/www.eams-industrie.com\/fruits-et-legumes\/frelevateur-a-bande-modulaireenmodular-belt-conveyor\/"},"author":{"name":"Maxime","@id":"https:\/\/www.eams-industrie.com\/#\/schema\/person\/133bdfedb18acbe826cbee2da8e8461d"},"headline":"\u00c9l\u00e9vateur \u00e0 bande modulaire","datePublished":"2025-07-22T13:36:42+00:00","dateModified":"2026-02-06T16:09:22+00:00","mainEntityOfPage":{"@id":"https:\/\/www.eams-industrie.com\/fruits-et-legumes\/frelevateur-a-bande-modulaireenmodular-belt-conveyor\/"},"wordCount":169,"publisher":{"@id":"https:\/\/www.eams-industrie.com\/#organization"},"image":{"@id":"https:\/\/www.eams-industrie.com\/fruits-et-legumes\/frelevateur-a-bande-modulaireenmodular-belt-conveyor\/#primaryimage"},"thumbnailUrl":"https:\/\/www.eams-industrie.com\/wp-content\/uploads\/2025\/07\/Bande-modulaire-a-picots2.jpg","keywords":["Manutention"],"articleSection":["\u00c9quipements pour Conserverie","Process pour Fruits et l\u00e9gumes"],"inLanguage":"nl-NL"},{"@type":"WebPage","@id":"https:\/\/www.eams-industrie.com\/fruits-et-legumes\/frelevateur-a-bande-modulaireenmodular-belt-conveyor\/","url":"https:\/\/www.eams-industrie.com\/fruits-et-legumes\/frelevateur-a-bande-modulaireenmodular-belt-conveyor\/","name":"Modulaire bandlift - EAMS Industrie","isPartOf":{"@id":"https:\/\/www.eams-industrie.com\/#website"},"primaryImageOfPage":{"@id":"https:\/\/www.eams-industrie.com\/fruits-et-legumes\/frelevateur-a-bande-modulaireenmodular-belt-conveyor\/#primaryimage"},"image":{"@id":"https:\/\/www.eams-industrie.com\/fruits-et-legumes\/frelevateur-a-bande-modulaireenmodular-belt-conveyor\/#primaryimage"},"thumbnailUrl":"https:\/\/www.eams-industrie.com\/wp-content\/uploads\/2025\/07\/Bande-modulaire-a-picots2.jpg","datePublished":"2025-07-22T13:36:42+00:00","dateModified":"2026-02-06T16:09:22+00:00","breadcrumb":{"@id":"https:\/\/www.eams-industrie.com\/fruits-et-legumes\/frelevateur-a-bande-modulaireenmodular-belt-conveyor\/#breadcrumb"},"inLanguage":"nl-NL","potentialAction":[{"@type":"ReadAction","target":["https:\/\/www.eams-industrie.com\/fruits-et-legumes\/frelevateur-a-bande-modulaireenmodular-belt-conveyor\/"]}]},{"@type":"ImageObject","inLanguage":"nl-NL","@id":"https:\/\/www.eams-industrie.com\/fruits-et-legumes\/frelevateur-a-bande-modulaireenmodular-belt-conveyor\/#primaryimage","url":"https:\/\/www.eams-industrie.com\/wp-content\/uploads\/2025\/07\/Bande-modulaire-a-picots2.jpg","contentUrl":"https:\/\/www.eams-industrie.com\/wp-content\/uploads\/2025\/07\/Bande-modulaire-a-picots2.jpg","width":850,"height":638,"caption":"OLYMPUS DIGITAL CAMERA"},{"@type":"BreadcrumbList","@id":"https:\/\/www.eams-industrie.com\/fruits-et-legumes\/frelevateur-a-bande-modulaireenmodular-belt-conveyor\/#breadcrumb","itemListElement":[{"@type":"ListItem","position":1,"name":"Accueil","item":"https:\/\/www.eams-industrie.com\/"},{"@type":"ListItem","position":2,"name":"\u00c9quipements pour Conserverie","item":"https:\/\/www.eams-industrie.com\/categorie\/conserverie\/"},{"@type":"ListItem","position":3,"name":"\u00c9l\u00e9vateur \u00e0 bande modulaire"}]},{"@type":"WebSite","@id":"https:\/\/www.eams-industrie.com\/#website","url":"https:\/\/www.eams-industrie.com\/","name":"EAMS Industrie","description":"Ontwerp en fabricage van apparatuur voor de agrovoedingssector en de industrie","publisher":{"@id":"https:\/\/www.eams-industrie.com\/#organization"},"potentialAction":[{"@type":"SearchAction","target":{"@type":"EntryPoint","urlTemplate":"https:\/\/www.eams-industrie.com\/?s={search_term_string}"},"query-input":{"@type":"PropertyValueSpecification","valueRequired":true,"valueName":"search_term_string"}}],"inLanguage":"nl-NL"},{"@type":"Organization","@id":"https:\/\/www.eams-industrie.com\/#organization","name":"EAMS Industrie","url":"https:\/\/www.eams-industrie.com\/","logo":{"@type":"ImageObject","inLanguage":"nl-NL","@id":"https:\/\/www.eams-industrie.com\/#\/schema\/logo\/image\/","url":"https:\/\/www.eams-industrie.com\/wp-content\/uploads\/2023\/01\/Logo-EAMS.svg","contentUrl":"https:\/\/www.eams-industrie.com\/wp-content\/uploads\/2023\/01\/Logo-EAMS.svg","width":149,"height":71,"caption":"EAMS Industrie"},"image":{"@id":"https:\/\/www.eams-industrie.com\/#\/schema\/logo\/image\/"}},{"@type":"Person","@id":"https:\/\/www.eams-industrie.com\/#\/schema\/person\/133bdfedb18acbe826cbee2da8e8461d","name":"Maxime","image":{"@type":"ImageObject","inLanguage":"nl-NL","@id":"https:\/\/secure.gravatar.com\/avatar\/f482fd000d5e5ffba6a207c3381cac19a81cd3d2827662d03d3efec5a46f0a57?s=96&d=mm&r=g","url":"https:\/\/secure.gravatar.com\/avatar\/f482fd000d5e5ffba6a207c3381cac19a81cd3d2827662d03d3efec5a46f0a57?s=96&d=mm&r=g","contentUrl":"https:\/\/secure.gravatar.com\/avatar\/f482fd000d5e5ffba6a207c3381cac19a81cd3d2827662d03d3efec5a46f0a57?s=96&d=mm&r=g","caption":"Maxime"},"sameAs":["https:\/\/www.eams-industrie.com"],"url":"https:\/\/www.eams-industrie.com\/nl\/author\/Maxime\/"}]}},"_links":{"self":[{"href":"https:\/\/www.eams-industrie.com\/nl\/wp-json\/wp\/v2\/posts\/77144","targetHints":{"allow":["GET"]}}],"collection":[{"href":"https:\/\/www.eams-industrie.com\/nl\/wp-json\/wp\/v2\/posts"}],"about":[{"href":"https:\/\/www.eams-industrie.com\/nl\/wp-json\/wp\/v2\/types\/post"}],"author":[{"embeddable":true,"href":"https:\/\/www.eams-industrie.com\/nl\/wp-json\/wp\/v2\/users\/1"}],"replies":[{"embeddable":true,"href":"https:\/\/www.eams-industrie.com\/nl\/wp-json\/wp\/v2\/comments?post=77144"}],"version-history":[{"count":5,"href":"https:\/\/www.eams-industrie.com\/nl\/wp-json\/wp\/v2\/posts\/77144\/revisions"}],"predecessor-version":[{"id":78632,"href":"https:\/\/www.eams-industrie.com\/nl\/wp-json\/wp\/v2\/posts\/77144\/revisions\/78632"}],"wp:featuredmedia":[{"embeddable":true,"href":"https:\/\/www.eams-industrie.com\/nl\/wp-json\/wp\/v2\/media\/77817"}],"wp:attachment":[{"href":"https:\/\/www.eams-industrie.com\/nl\/wp-json\/wp\/v2\/media?parent=77144"}],"wp:term":[{"taxonomy":"category","embeddable":true,"href":"https:\/\/www.eams-industrie.com\/nl\/wp-json\/wp\/v2\/categories?post=77144"},{"taxonomy":"post_tag","embeddable":true,"href":"https:\/\/www.eams-industrie.com\/nl\/wp-json\/wp\/v2\/tags?post=77144"}],"curies":[{"name":"wp","href":"https:\/\/api.w.org\/{rel}","templated":true}]}}