{"id":77992,"date":"2026-01-22T17:47:37","date_gmt":"2026-01-22T16:47:37","guid":{"rendered":"https:\/\/www.eams-industrie.com\/?p=77992"},"modified":"2026-02-12T17:59:44","modified_gmt":"2026-02-12T16:59:44","slug":"integratie-van-optische-sorteerders","status":"publish","type":"post","link":"https:\/\/www.eams-industrie.com\/nl\/fruits-et-legumes\/integration-de-trieurs-optiques\/","title":{"rendered":"Integratie van optische sorters"},"content":{"rendered":"<h3 class=\"whitespace-break-spaces\" dir=\"auto\"><strong>Kant-en-klare, conforme, hoogwaardige oplossingen<\/strong><\/h3>\n<ul>\n<li class=\"whitespace-break-spaces\" dir=\"auto\"><strong>\u00a0<\/strong><strong style=\"font-size: 16px;\">Integratiestudie<\/strong><span style=\"font-size: 16px;\"> voor een perfecte aanpassing aan uw bestaande machines.<\/span><\/li>\n<li><strong>Levering van apparatuur<\/strong> en <strong>ontwerp van draagconstructies in 304 roestvrij staal<\/strong> voor optimale hygi\u00ebne en duurzaamheid.<\/li>\n<li><strong>Vervaardiging van loopbruggen en trappen<\/strong> aangepast aan uw productieomgeving.<\/li>\n<li><strong>Montage op locatie<\/strong> door onze deskundige teams voor een snelle, ononderbroken installatie.<\/li>\n<\/ul>\n<h3><strong>Complete, geoptimaliseerde optische sorteerlijn<\/strong><\/h3>\n<p>We integreren alle randapparatuur voor de optische sorter (die we niet leveren) voor een <strong>bedrijfsklare oplossing<\/strong> :<\/p>\n<ul>\n<li><strong>Lift naar optische sorteermachine<\/strong> voor een continue stroom.<\/li>\n<li><strong>Walsenbreker<\/strong> en <strong>REDLER trechter vooraan<\/strong> voor een optimale productbereiding.<\/li>\n<li><strong>Vibrerende dispenser<\/strong> voor een gelijkmatige verdeling voor het sorteren.<\/li>\n<li><strong>Brede riemaandrijving<\/strong> bij de sorteeruitgang voor effici\u00ebnt transport.<\/li>\n<li><strong>Bezoektafel<\/strong> voor handmatige kwaliteitscontrole indien nodig.<\/li>\n<li><strong>Afval afvoer transportband<\/strong> onder optische sortering.<\/li>\n<li><strong>Waterdichte lift (type REDLER)<\/strong> naar een multiheadweger voor een vlotte logistiek.<\/li>\n<\/ul>\n<h3><strong>Naleving en documentatie<\/strong><\/h3>\n<ul>\n<li><strong>Certificeringen<\/strong> : <strong>CE, voedselkwaliteit FHB5, Europese (1935\/2004) en Amerikaanse (USDA\/FDA\/3A) normen<\/strong>.<\/li>\n<li><strong>Volledige documentatie<\/strong> conformiteitscertificaten, onderhoudshandleidingen en technische tekeningen.<\/li>\n<\/ul>\n<h3><strong>Naleving van regelgeving<\/strong><\/h3>\n<p class=\"whitespace-break-spaces\" dir=\"auto\">Onze apparatuur is ontworpen en geproduceerd in overeenstemming met :<\/p>\n<ul>\n<li><strong>Machinerichtlijn 2006\/42\/EG<\/strong> en geharmoniseerde normen (EN 349, EN 614-1).<\/li>\n<li><strong>Verordening (EG) nr. 1935\/2004<\/strong> op materialen die in contact komen met voedingsmiddelen.<\/li>\n<li><strong>Verordeningen (EU) nr. 2023\/2006 en 10\/2011<\/strong> voor maximale veiligheid en hygi\u00ebne.<\/li>\n<\/ul>","protected":false},"excerpt":{"rendered":"<p>Solutions cl\u00e9s en main, conformes et performantes \u00a0\u00c9tude d\u2019int\u00e9gration personnalis\u00e9e pour une adaptation parfaite \u00e0 vos machines existantes. Fourniture des \u00e9quipements et conception de structures porteuses en acier inox 304 pour une hygi\u00e8ne et une durabilit\u00e9 optimales. Fabrication de passerelles et escaliers s\u00e9curis\u00e9s, adapt\u00e9s \u00e0 votre environnement de production. Montage sur site par nos \u00e9quipes [&hellip;]<\/p>\n","protected":false},"author":3,"featured_media":78403,"comment_status":"closed","ping_status":"closed","sticky":false,"template":"","format":"standard","meta":{"_acf_changed":false,"iawp_total_views":7,"footnotes":""},"categories":[14,13,18,16,8,17],"tags":[],"class_list":["post-77992","post","type-post","status-publish","format-standard","has-post-thumbnail","hentry","category-ligne-poireau-brocoli-et-chou-fleur","category-ligne-haricot-vert","category-ligne-legume-sec","category-ligne-pois","category-fruits-et-legumes","category-racines"],"acf":[],"yoast_head":"<!-- This site is optimized with the Yoast SEO plugin v27.4 - https:\/\/yoast.com\/product\/yoast-seo-wordpress\/ -->\n<title>Int\u00e9gration de trieurs optiques - EAMS Industrie<\/title>\n<meta name=\"robots\" content=\"index, follow, max-snippet:-1, max-image-preview:large, max-video-preview:-1\" \/>\n<link rel=\"canonical\" href=\"https:\/\/www.eams-industrie.com\/nl\/groenten-en-fruit\/integratie-van-optische-sorteerders\/\" \/>\n<meta property=\"og:locale\" content=\"nl_NL\" \/>\n<meta property=\"og:type\" content=\"article\" \/>\n<meta property=\"og:title\" content=\"Int\u00e9gration de trieurs optiques - EAMS Industrie\" \/>\n<meta property=\"og:description\" content=\"Solutions cl\u00e9s en main, conformes et performantes \u00a0\u00c9tude d\u2019int\u00e9gration personnalis\u00e9e pour une adaptation parfaite \u00e0 vos machines existantes. Fourniture des \u00e9quipements et conception de structures porteuses en acier inox 304 pour une hygi\u00e8ne et une durabilit\u00e9 optimales. Fabrication de passerelles et escaliers s\u00e9curis\u00e9s, adapt\u00e9s \u00e0 votre environnement de production. Montage sur site par nos \u00e9quipes [&hellip;]\" \/>\n<meta property=\"og:url\" content=\"https:\/\/www.eams-industrie.com\/nl\/groenten-en-fruit\/integratie-van-optische-sorteerders\/\" \/>\n<meta property=\"og:site_name\" content=\"EAMS Industrie\" \/>\n<meta property=\"article:published_time\" content=\"2026-01-22T16:47:37+00:00\" \/>\n<meta property=\"article:modified_time\" content=\"2026-02-12T16:59:44+00:00\" \/>\n<meta property=\"og:image\" content=\"https:\/\/www.eams-industrie.com\/wp-content\/uploads\/2026\/01\/20200902_115323-scaled.jpg\" \/>\n\t<meta property=\"og:image:width\" content=\"2560\" \/>\n\t<meta property=\"og:image:height\" content=\"1920\" \/>\n\t<meta property=\"og:image:type\" content=\"image\/jpeg\" \/>\n<meta name=\"author\" content=\"Gilbert\" \/>\n<meta name=\"twitter:card\" content=\"summary_large_image\" \/>\n<meta name=\"twitter:label1\" content=\"Geschreven door\" \/>\n\t<meta name=\"twitter:data1\" content=\"Gilbert\" \/>\n\t<meta name=\"twitter:label2\" content=\"Geschatte leestijd\" \/>\n\t<meta name=\"twitter:data2\" content=\"2 minuten\" \/>\n<script type=\"application\/ld+json\" class=\"yoast-schema-graph\">{\"@context\":\"https:\\\/\\\/schema.org\",\"@graph\":[{\"@type\":\"Article\",\"@id\":\"https:\\\/\\\/www.eams-industrie.com\\\/fruits-et-legumes\\\/integration-de-trieurs-optiques\\\/#article\",\"isPartOf\":{\"@id\":\"https:\\\/\\\/www.eams-industrie.com\\\/fruits-et-legumes\\\/integration-de-trieurs-optiques\\\/\"},\"author\":{\"name\":\"Gilbert\",\"@id\":\"https:\\\/\\\/www.eams-industrie.com\\\/#\\\/schema\\\/person\\\/d15d5d26f08e983dcfe3fe89573d26a9\"},\"headline\":\"Int\u00e9gration de trieurs optiques\",\"datePublished\":\"2026-01-22T16:47:37+00:00\",\"dateModified\":\"2026-02-12T16:59:44+00:00\",\"mainEntityOfPage\":{\"@id\":\"https:\\\/\\\/www.eams-industrie.com\\\/fruits-et-legumes\\\/integration-de-trieurs-optiques\\\/\"},\"wordCount\":262,\"publisher\":{\"@id\":\"https:\\\/\\\/www.eams-industrie.com\\\/#organization\"},\"image\":{\"@id\":\"https:\\\/\\\/www.eams-industrie.com\\\/fruits-et-legumes\\\/integration-de-trieurs-optiques\\\/#primaryimage\"},\"thumbnailUrl\":\"https:\\\/\\\/www.eams-industrie.com\\\/wp-content\\\/uploads\\\/2026\\\/01\\\/20200902_115323-scaled.jpg\",\"articleSection\":[\"Brocoli, Choux-fleur &amp; Poireau\",\"Haricot vert\",\"L\u00e9gumineuse\",\"Pois &amp; Flageolet\",\"Process pour Fruits et l\u00e9gumes\",\"Racines\"],\"inLanguage\":\"nl-NL\"},{\"@type\":\"WebPage\",\"@id\":\"https:\\\/\\\/www.eams-industrie.com\\\/fruits-et-legumes\\\/integration-de-trieurs-optiques\\\/\",\"url\":\"https:\\\/\\\/www.eams-industrie.com\\\/fruits-et-legumes\\\/integration-de-trieurs-optiques\\\/\",\"name\":\"Int\u00e9gration de trieurs optiques - EAMS Industrie\",\"isPartOf\":{\"@id\":\"https:\\\/\\\/www.eams-industrie.com\\\/#website\"},\"primaryImageOfPage\":{\"@id\":\"https:\\\/\\\/www.eams-industrie.com\\\/fruits-et-legumes\\\/integration-de-trieurs-optiques\\\/#primaryimage\"},\"image\":{\"@id\":\"https:\\\/\\\/www.eams-industrie.com\\\/fruits-et-legumes\\\/integration-de-trieurs-optiques\\\/#primaryimage\"},\"thumbnailUrl\":\"https:\\\/\\\/www.eams-industrie.com\\\/wp-content\\\/uploads\\\/2026\\\/01\\\/20200902_115323-scaled.jpg\",\"datePublished\":\"2026-01-22T16:47:37+00:00\",\"dateModified\":\"2026-02-12T16:59:44+00:00\",\"breadcrumb\":{\"@id\":\"https:\\\/\\\/www.eams-industrie.com\\\/fruits-et-legumes\\\/integration-de-trieurs-optiques\\\/#breadcrumb\"},\"inLanguage\":\"nl-NL\",\"potentialAction\":[{\"@type\":\"ReadAction\",\"target\":[\"https:\\\/\\\/www.eams-industrie.com\\\/fruits-et-legumes\\\/integration-de-trieurs-optiques\\\/\"]}]},{\"@type\":\"ImageObject\",\"inLanguage\":\"nl-NL\",\"@id\":\"https:\\\/\\\/www.eams-industrie.com\\\/fruits-et-legumes\\\/integration-de-trieurs-optiques\\\/#primaryimage\",\"url\":\"https:\\\/\\\/www.eams-industrie.com\\\/wp-content\\\/uploads\\\/2026\\\/01\\\/20200902_115323-scaled.jpg\",\"contentUrl\":\"https:\\\/\\\/www.eams-industrie.com\\\/wp-content\\\/uploads\\\/2026\\\/01\\\/20200902_115323-scaled.jpg\",\"width\":2560,\"height\":1920,\"caption\":\"Int\u00e9gration de 2 trieurs en parall\u00e8le\"},{\"@type\":\"BreadcrumbList\",\"@id\":\"https:\\\/\\\/www.eams-industrie.com\\\/fruits-et-legumes\\\/integration-de-trieurs-optiques\\\/#breadcrumb\",\"itemListElement\":[{\"@type\":\"ListItem\",\"position\":1,\"name\":\"Accueil\",\"item\":\"https:\\\/\\\/www.eams-industrie.com\\\/\"},{\"@type\":\"ListItem\",\"position\":2,\"name\":\"Process pour Fruits et l\u00e9gumes\",\"item\":\"https:\\\/\\\/www.eams-industrie.com\\\/categorie\\\/fruits-et-legumes\\\/\"},{\"@type\":\"ListItem\",\"position\":3,\"name\":\"Int\u00e9gration de trieurs optiques\"}]},{\"@type\":\"WebSite\",\"@id\":\"https:\\\/\\\/www.eams-industrie.com\\\/#website\",\"url\":\"https:\\\/\\\/www.eams-industrie.com\\\/\",\"name\":\"EAMS Industrie\",\"description\":\"Conception et fabrication d\u2019\u00e9quipements pour l\u2019agroalimentaire et l\u2019industrie\",\"publisher\":{\"@id\":\"https:\\\/\\\/www.eams-industrie.com\\\/#organization\"},\"potentialAction\":[{\"@type\":\"SearchAction\",\"target\":{\"@type\":\"EntryPoint\",\"urlTemplate\":\"https:\\\/\\\/www.eams-industrie.com\\\/?s={search_term_string}\"},\"query-input\":{\"@type\":\"PropertyValueSpecification\",\"valueRequired\":true,\"valueName\":\"search_term_string\"}}],\"inLanguage\":\"nl-NL\"},{\"@type\":\"Organization\",\"@id\":\"https:\\\/\\\/www.eams-industrie.com\\\/#organization\",\"name\":\"EAMS Industrie\",\"url\":\"https:\\\/\\\/www.eams-industrie.com\\\/\",\"logo\":{\"@type\":\"ImageObject\",\"inLanguage\":\"nl-NL\",\"@id\":\"https:\\\/\\\/www.eams-industrie.com\\\/#\\\/schema\\\/logo\\\/image\\\/\",\"url\":\"https:\\\/\\\/www.eams-industrie.com\\\/wp-content\\\/uploads\\\/2023\\\/01\\\/Logo-EAMS.svg\",\"contentUrl\":\"https:\\\/\\\/www.eams-industrie.com\\\/wp-content\\\/uploads\\\/2023\\\/01\\\/Logo-EAMS.svg\",\"width\":149,\"height\":71,\"caption\":\"EAMS Industrie\"},\"image\":{\"@id\":\"https:\\\/\\\/www.eams-industrie.com\\\/#\\\/schema\\\/logo\\\/image\\\/\"}},{\"@type\":\"Person\",\"@id\":\"https:\\\/\\\/www.eams-industrie.com\\\/#\\\/schema\\\/person\\\/d15d5d26f08e983dcfe3fe89573d26a9\",\"name\":\"Gilbert\",\"image\":{\"@type\":\"ImageObject\",\"inLanguage\":\"nl-NL\",\"@id\":\"https:\\\/\\\/secure.gravatar.com\\\/avatar\\\/a4f8065cea7210a89dc8a12caed14fa3627d1713498e66dc1129ff739be35356?s=96&d=mm&r=g\",\"url\":\"https:\\\/\\\/secure.gravatar.com\\\/avatar\\\/a4f8065cea7210a89dc8a12caed14fa3627d1713498e66dc1129ff739be35356?s=96&d=mm&r=g\",\"contentUrl\":\"https:\\\/\\\/secure.gravatar.com\\\/avatar\\\/a4f8065cea7210a89dc8a12caed14fa3627d1713498e66dc1129ff739be35356?s=96&d=mm&r=g\",\"caption\":\"Gilbert\"},\"url\":\"https:\\\/\\\/www.eams-industrie.com\\\/nl\\\/author\\\/gilbert\\\/\"}]}<\/script>\n<!-- \/ Yoast SEO plugin. -->","yoast_head_json":{"title":"Integratie van optische sorters - EAMS Industrie","robots":{"index":"index","follow":"follow","max-snippet":"max-snippet:-1","max-image-preview":"max-image-preview:large","max-video-preview":"max-video-preview:-1"},"canonical":"https:\/\/www.eams-industrie.com\/nl\/groenten-en-fruit\/integratie-van-optische-sorteerders\/","og_locale":"nl_NL","og_type":"article","og_title":"Int\u00e9gration de trieurs optiques - EAMS Industrie","og_description":"Solutions cl\u00e9s en main, conformes et performantes \u00a0\u00c9tude d\u2019int\u00e9gration personnalis\u00e9e pour une adaptation parfaite \u00e0 vos machines existantes. Fourniture des \u00e9quipements et conception de structures porteuses en acier inox 304 pour une hygi\u00e8ne et une durabilit\u00e9 optimales. Fabrication de passerelles et escaliers s\u00e9curis\u00e9s, adapt\u00e9s \u00e0 votre environnement de production. Montage sur site par nos \u00e9quipes [&hellip;]","og_url":"https:\/\/www.eams-industrie.com\/nl\/groenten-en-fruit\/integratie-van-optische-sorteerders\/","og_site_name":"EAMS Industrie","article_published_time":"2026-01-22T16:47:37+00:00","article_modified_time":"2026-02-12T16:59:44+00:00","og_image":[{"width":2560,"height":1920,"url":"https:\/\/www.eams-industrie.com\/wp-content\/uploads\/2026\/01\/20200902_115323-scaled.jpg","type":"image\/jpeg"}],"author":"Gilbert","twitter_card":"summary_large_image","twitter_misc":{"Geschreven door":"Gilbert","Geschatte leestijd":"2 minuten"},"schema":{"@context":"https:\/\/schema.org","@graph":[{"@type":"Article","@id":"https:\/\/www.eams-industrie.com\/fruits-et-legumes\/integration-de-trieurs-optiques\/#article","isPartOf":{"@id":"https:\/\/www.eams-industrie.com\/fruits-et-legumes\/integration-de-trieurs-optiques\/"},"author":{"name":"Gilbert","@id":"https:\/\/www.eams-industrie.com\/#\/schema\/person\/d15d5d26f08e983dcfe3fe89573d26a9"},"headline":"Int\u00e9gration de trieurs optiques","datePublished":"2026-01-22T16:47:37+00:00","dateModified":"2026-02-12T16:59:44+00:00","mainEntityOfPage":{"@id":"https:\/\/www.eams-industrie.com\/fruits-et-legumes\/integration-de-trieurs-optiques\/"},"wordCount":262,"publisher":{"@id":"https:\/\/www.eams-industrie.com\/#organization"},"image":{"@id":"https:\/\/www.eams-industrie.com\/fruits-et-legumes\/integration-de-trieurs-optiques\/#primaryimage"},"thumbnailUrl":"https:\/\/www.eams-industrie.com\/wp-content\/uploads\/2026\/01\/20200902_115323-scaled.jpg","articleSection":["Brocoli, Choux-fleur &amp; Poireau","Haricot vert","L\u00e9gumineuse","Pois &amp; Flageolet","Process pour Fruits et l\u00e9gumes","Racines"],"inLanguage":"nl-NL"},{"@type":"WebPage","@id":"https:\/\/www.eams-industrie.com\/fruits-et-legumes\/integration-de-trieurs-optiques\/","url":"https:\/\/www.eams-industrie.com\/fruits-et-legumes\/integration-de-trieurs-optiques\/","name":"Integratie van optische sorters - EAMS Industrie","isPartOf":{"@id":"https:\/\/www.eams-industrie.com\/#website"},"primaryImageOfPage":{"@id":"https:\/\/www.eams-industrie.com\/fruits-et-legumes\/integration-de-trieurs-optiques\/#primaryimage"},"image":{"@id":"https:\/\/www.eams-industrie.com\/fruits-et-legumes\/integration-de-trieurs-optiques\/#primaryimage"},"thumbnailUrl":"https:\/\/www.eams-industrie.com\/wp-content\/uploads\/2026\/01\/20200902_115323-scaled.jpg","datePublished":"2026-01-22T16:47:37+00:00","dateModified":"2026-02-12T16:59:44+00:00","breadcrumb":{"@id":"https:\/\/www.eams-industrie.com\/fruits-et-legumes\/integration-de-trieurs-optiques\/#breadcrumb"},"inLanguage":"nl-NL","potentialAction":[{"@type":"ReadAction","target":["https:\/\/www.eams-industrie.com\/fruits-et-legumes\/integration-de-trieurs-optiques\/"]}]},{"@type":"ImageObject","inLanguage":"nl-NL","@id":"https:\/\/www.eams-industrie.com\/fruits-et-legumes\/integration-de-trieurs-optiques\/#primaryimage","url":"https:\/\/www.eams-industrie.com\/wp-content\/uploads\/2026\/01\/20200902_115323-scaled.jpg","contentUrl":"https:\/\/www.eams-industrie.com\/wp-content\/uploads\/2026\/01\/20200902_115323-scaled.jpg","width":2560,"height":1920,"caption":"Int\u00e9gration de 2 trieurs en parall\u00e8le"},{"@type":"BreadcrumbList","@id":"https:\/\/www.eams-industrie.com\/fruits-et-legumes\/integration-de-trieurs-optiques\/#breadcrumb","itemListElement":[{"@type":"ListItem","position":1,"name":"Accueil","item":"https:\/\/www.eams-industrie.com\/"},{"@type":"ListItem","position":2,"name":"Process pour Fruits et l\u00e9gumes","item":"https:\/\/www.eams-industrie.com\/categorie\/fruits-et-legumes\/"},{"@type":"ListItem","position":3,"name":"Int\u00e9gration de trieurs optiques"}]},{"@type":"WebSite","@id":"https:\/\/www.eams-industrie.com\/#website","url":"https:\/\/www.eams-industrie.com\/","name":"EAMS Industrie","description":"Ontwerp en fabricage van apparatuur voor de agrovoedingssector en de industrie","publisher":{"@id":"https:\/\/www.eams-industrie.com\/#organization"},"potentialAction":[{"@type":"SearchAction","target":{"@type":"EntryPoint","urlTemplate":"https:\/\/www.eams-industrie.com\/?s={search_term_string}"},"query-input":{"@type":"PropertyValueSpecification","valueRequired":true,"valueName":"search_term_string"}}],"inLanguage":"nl-NL"},{"@type":"Organization","@id":"https:\/\/www.eams-industrie.com\/#organization","name":"EAMS Industrie","url":"https:\/\/www.eams-industrie.com\/","logo":{"@type":"ImageObject","inLanguage":"nl-NL","@id":"https:\/\/www.eams-industrie.com\/#\/schema\/logo\/image\/","url":"https:\/\/www.eams-industrie.com\/wp-content\/uploads\/2023\/01\/Logo-EAMS.svg","contentUrl":"https:\/\/www.eams-industrie.com\/wp-content\/uploads\/2023\/01\/Logo-EAMS.svg","width":149,"height":71,"caption":"EAMS Industrie"},"image":{"@id":"https:\/\/www.eams-industrie.com\/#\/schema\/logo\/image\/"}},{"@type":"Person","@id":"https:\/\/www.eams-industrie.com\/#\/schema\/person\/d15d5d26f08e983dcfe3fe89573d26a9","name":"Gilbert","image":{"@type":"ImageObject","inLanguage":"nl-NL","@id":"https:\/\/secure.gravatar.com\/avatar\/a4f8065cea7210a89dc8a12caed14fa3627d1713498e66dc1129ff739be35356?s=96&d=mm&r=g","url":"https:\/\/secure.gravatar.com\/avatar\/a4f8065cea7210a89dc8a12caed14fa3627d1713498e66dc1129ff739be35356?s=96&d=mm&r=g","contentUrl":"https:\/\/secure.gravatar.com\/avatar\/a4f8065cea7210a89dc8a12caed14fa3627d1713498e66dc1129ff739be35356?s=96&d=mm&r=g","caption":"Gilbert"},"url":"https:\/\/www.eams-industrie.com\/nl\/author\/gilbert\/"}]}},"_links":{"self":[{"href":"https:\/\/www.eams-industrie.com\/nl\/wp-json\/wp\/v2\/posts\/77992","targetHints":{"allow":["GET"]}}],"collection":[{"href":"https:\/\/www.eams-industrie.com\/nl\/wp-json\/wp\/v2\/posts"}],"about":[{"href":"https:\/\/www.eams-industrie.com\/nl\/wp-json\/wp\/v2\/types\/post"}],"author":[{"embeddable":true,"href":"https:\/\/www.eams-industrie.com\/nl\/wp-json\/wp\/v2\/users\/3"}],"replies":[{"embeddable":true,"href":"https:\/\/www.eams-industrie.com\/nl\/wp-json\/wp\/v2\/comments?post=77992"}],"version-history":[{"count":5,"href":"https:\/\/www.eams-industrie.com\/nl\/wp-json\/wp\/v2\/posts\/77992\/revisions"}],"predecessor-version":[{"id":78409,"href":"https:\/\/www.eams-industrie.com\/nl\/wp-json\/wp\/v2\/posts\/77992\/revisions\/78409"}],"wp:featuredmedia":[{"embeddable":true,"href":"https:\/\/www.eams-industrie.com\/nl\/wp-json\/wp\/v2\/media\/78403"}],"wp:attachment":[{"href":"https:\/\/www.eams-industrie.com\/nl\/wp-json\/wp\/v2\/media?parent=77992"}],"wp:term":[{"taxonomy":"category","embeddable":true,"href":"https:\/\/www.eams-industrie.com\/nl\/wp-json\/wp\/v2\/categories?post=77992"},{"taxonomy":"post_tag","embeddable":true,"href":"https:\/\/www.eams-industrie.com\/nl\/wp-json\/wp\/v2\/tags?post=77992"}],"curies":[{"name":"wp","href":"https:\/\/api.w.org\/{rel}","templated":true}]}}