{"id":77992,"date":"2026-01-22T17:47:37","date_gmt":"2026-01-22T16:47:37","guid":{"rendered":"https:\/\/www.eams-industrie.com\/?p=77992"},"modified":"2026-02-12T17:59:44","modified_gmt":"2026-02-12T16:59:44","slug":"integracja-sortownikow-optycznych","status":"publish","type":"post","link":"https:\/\/www.eams-industrie.com\/pl\/fruits-et-legumes\/integration-de-trieurs-optiques\/","title":{"rendered":"Integracja sorter\u00f3w optycznych"},"content":{"rendered":"<h3 class=\"whitespace-break-spaces\" dir=\"auto\"><strong>Gotowe rozwi\u0105zania, zgodne i wydajne<\/strong><\/h3>\n<ul>\n<li class=\"whitespace-break-spaces\" dir=\"auto\"><strong>\u00a0<\/strong><strong style=\"font-size: 16px;\">Studium integracyjne<\/strong><span style=\"font-size: 16px;\"> spersonalizowane dla idealnego dopasowania do istniej\u0105cych maszyn.<\/span><\/li>\n<li><strong>Dostawa sprz\u0119tu<\/strong> oraz <strong>projektowanie konstrukcji no\u015bnych ze stali nierdzewnej 304<\/strong> dla optymalnej higieny i trwa\u0142o\u015bci.<\/li>\n<li><strong>Produkcja k\u0142adek i schod\u00f3w<\/strong> bezpieczne, dopasowane do Twojego \u015brodowiska produkcyjnego.<\/li>\n<li><strong>Monta\u017c na miejscu<\/strong> przez naszych do\u015bwiadczonych zespo\u0142\u00f3w dla szybkiej i nieprzerwanej instalacji.<\/li>\n<\/ul>\n<h3><strong>Kompletna i zoptymalizowana linia sortowania optycznego<\/strong><\/h3>\n<p>Integrujemy wszystkie urz\u0105dzenia peryferyjne z sortownikiem optycznym (kt\u00f3rego nie dostarczamy) dla <strong>rozwi\u0105zanie pod klucz<\/strong> :<\/p>\n<ul>\n<li><strong>Podno\u015bnik do sortownika optycznego<\/strong> do ci\u0105g\u0142ego przep\u0142ywu.<\/li>\n<li><strong>Walcowa kruszarka<\/strong> oraz <strong>lejek przedni REDLER<\/strong> dla optymalnego przygotowania produkt\u00f3w.<\/li>\n<li><strong>Wibracyjny dozownik<\/strong> dla jednorodnego rozk\u0142adu przed sortowaniem.<\/li>\n<li><strong>Szeroki pas transmisyjny<\/strong> po wyj\u015bciu z sortownika dla efektywnego transportu.<\/li>\n<li><strong>Stolik rewizyjny<\/strong> do r\u0119cznej kontroli jako\u015bci, je\u015bli to konieczne.<\/li>\n<li><strong>Przeno\u015bnik odpad\u00f3w<\/strong> pod sortownikiem optycznym.<\/li>\n<li><strong>Podno\u015bnik wodoodporny (typ REDLER)<\/strong> wie\u017ca wa\u017c\u0105ca asocjacyjna dla p\u0142ynnej logistyki.<\/li>\n<\/ul>\n<h3><strong>Zgodno\u015b\u0107 i dokumentacja<\/strong><\/h3>\n<ul>\n<li><strong>Certyfikaty<\/strong> : <strong>CE, zdatno\u015b\u0107 do kontaktu z \u017cywno\u015bci\u0105 FHB5, normy europejskie (1935\/2004) i ameryka\u0144skie (USDA\/FDA\/3A)<\/strong>.<\/li>\n<li><strong>Pe\u0142na dokumentacja<\/strong> : certyfikaty zgodno\u015bci, instrukcje konserwacji i plany techniczne.<\/li>\n<\/ul>\n<h3><strong>Przestrzeganie przepis\u00f3w<\/strong><\/h3>\n<p class=\"whitespace-break-spaces\" dir=\"auto\">Nasze urz\u0105dzenia s\u0105 zaprojektowane i wyprodukowane zgodnie z:<\/p>\n<ul>\n<li><strong>Dyrektywa maszynowa 2006\/42\/WE<\/strong> i normy zharmonizowane (EN 349, EN 614-1).<\/li>\n<li><strong>Rozporz\u0105dzenie (WE) nr 1935\/2004<\/strong> o materia\u0142ach maj\u0105cych kontakt z \u017cywno\u015bci\u0105.<\/li>\n<li><strong>Rozporz\u0105dzenia (UE) nr 2023\/2006 i 10\/2011<\/strong> dla maksymalnego bezpiecze\u0144stwa i higieny.<\/li>\n<\/ul>","protected":false},"excerpt":{"rendered":"<p>Solutions cl\u00e9s en main, conformes et performantes \u00a0\u00c9tude d\u2019int\u00e9gration personnalis\u00e9e pour une adaptation parfaite \u00e0 vos machines existantes. Fourniture des \u00e9quipements et conception de structures porteuses en acier inox 304 pour une hygi\u00e8ne et une durabilit\u00e9 optimales. Fabrication de passerelles et escaliers s\u00e9curis\u00e9s, adapt\u00e9s \u00e0 votre environnement de production. Montage sur site par nos \u00e9quipes [&hellip;]<\/p>\n","protected":false},"author":3,"featured_media":78403,"comment_status":"closed","ping_status":"closed","sticky":false,"template":"","format":"standard","meta":{"_acf_changed":false,"iawp_total_views":7,"footnotes":""},"categories":[14,13,18,16,8,17],"tags":[],"class_list":["post-77992","post","type-post","status-publish","format-standard","has-post-thumbnail","hentry","category-ligne-poireau-brocoli-et-chou-fleur","category-ligne-haricot-vert","category-ligne-legume-sec","category-ligne-pois","category-fruits-et-legumes","category-racines"],"acf":[],"yoast_head":"<!-- This site is optimized with the Yoast SEO plugin v27.4 - https:\/\/yoast.com\/product\/yoast-seo-wordpress\/ -->\n<title>Int\u00e9gration de trieurs optiques - EAMS Industrie<\/title>\n<meta name=\"robots\" content=\"index, follow, max-snippet:-1, max-image-preview:large, max-video-preview:-1\" \/>\n<link rel=\"canonical\" href=\"https:\/\/www.eams-industrie.com\/pl\/owoce-i-warzywa\/integracja-sortownikow-optycznych\/\" \/>\n<meta property=\"og:locale\" content=\"pl_PL\" \/>\n<meta property=\"og:type\" content=\"article\" \/>\n<meta property=\"og:title\" content=\"Int\u00e9gration de trieurs optiques - EAMS Industrie\" \/>\n<meta property=\"og:description\" content=\"Solutions cl\u00e9s en main, conformes et performantes \u00a0\u00c9tude d\u2019int\u00e9gration personnalis\u00e9e pour une adaptation parfaite \u00e0 vos machines existantes. Fourniture des \u00e9quipements et conception de structures porteuses en acier inox 304 pour une hygi\u00e8ne et une durabilit\u00e9 optimales. Fabrication de passerelles et escaliers s\u00e9curis\u00e9s, adapt\u00e9s \u00e0 votre environnement de production. Montage sur site par nos \u00e9quipes [&hellip;]\" \/>\n<meta property=\"og:url\" content=\"https:\/\/www.eams-industrie.com\/pl\/owoce-i-warzywa\/integracja-sortownikow-optycznych\/\" \/>\n<meta property=\"og:site_name\" content=\"EAMS Industrie\" \/>\n<meta property=\"article:published_time\" content=\"2026-01-22T16:47:37+00:00\" \/>\n<meta property=\"article:modified_time\" content=\"2026-02-12T16:59:44+00:00\" \/>\n<meta property=\"og:image\" content=\"https:\/\/www.eams-industrie.com\/wp-content\/uploads\/2026\/01\/20200902_115323-scaled.jpg\" \/>\n\t<meta property=\"og:image:width\" content=\"2560\" \/>\n\t<meta property=\"og:image:height\" content=\"1920\" \/>\n\t<meta property=\"og:image:type\" content=\"image\/jpeg\" \/>\n<meta name=\"author\" content=\"Gilbert\" \/>\n<meta name=\"twitter:card\" content=\"summary_large_image\" \/>\n<meta name=\"twitter:label1\" content=\"Napisane przez\" \/>\n\t<meta name=\"twitter:data1\" content=\"Gilbert\" \/>\n\t<meta name=\"twitter:label2\" content=\"Szacowany czas czytania\" \/>\n\t<meta name=\"twitter:data2\" content=\"2 minuty\" \/>\n<script type=\"application\/ld+json\" class=\"yoast-schema-graph\">{\"@context\":\"https:\\\/\\\/schema.org\",\"@graph\":[{\"@type\":\"Article\",\"@id\":\"https:\\\/\\\/www.eams-industrie.com\\\/fruits-et-legumes\\\/integration-de-trieurs-optiques\\\/#article\",\"isPartOf\":{\"@id\":\"https:\\\/\\\/www.eams-industrie.com\\\/fruits-et-legumes\\\/integration-de-trieurs-optiques\\\/\"},\"author\":{\"name\":\"Gilbert\",\"@id\":\"https:\\\/\\\/www.eams-industrie.com\\\/#\\\/schema\\\/person\\\/d15d5d26f08e983dcfe3fe89573d26a9\"},\"headline\":\"Int\u00e9gration de trieurs optiques\",\"datePublished\":\"2026-01-22T16:47:37+00:00\",\"dateModified\":\"2026-02-12T16:59:44+00:00\",\"mainEntityOfPage\":{\"@id\":\"https:\\\/\\\/www.eams-industrie.com\\\/fruits-et-legumes\\\/integration-de-trieurs-optiques\\\/\"},\"wordCount\":262,\"publisher\":{\"@id\":\"https:\\\/\\\/www.eams-industrie.com\\\/#organization\"},\"image\":{\"@id\":\"https:\\\/\\\/www.eams-industrie.com\\\/fruits-et-legumes\\\/integration-de-trieurs-optiques\\\/#primaryimage\"},\"thumbnailUrl\":\"https:\\\/\\\/www.eams-industrie.com\\\/wp-content\\\/uploads\\\/2026\\\/01\\\/20200902_115323-scaled.jpg\",\"articleSection\":[\"Brocoli, Choux-fleur &amp; Poireau\",\"Haricot vert\",\"L\u00e9gumineuse\",\"Pois &amp; Flageolet\",\"Process pour Fruits et l\u00e9gumes\",\"Racines\"],\"inLanguage\":\"pl-PL\"},{\"@type\":\"WebPage\",\"@id\":\"https:\\\/\\\/www.eams-industrie.com\\\/fruits-et-legumes\\\/integration-de-trieurs-optiques\\\/\",\"url\":\"https:\\\/\\\/www.eams-industrie.com\\\/fruits-et-legumes\\\/integration-de-trieurs-optiques\\\/\",\"name\":\"Int\u00e9gration de trieurs optiques - EAMS Industrie\",\"isPartOf\":{\"@id\":\"https:\\\/\\\/www.eams-industrie.com\\\/#website\"},\"primaryImageOfPage\":{\"@id\":\"https:\\\/\\\/www.eams-industrie.com\\\/fruits-et-legumes\\\/integration-de-trieurs-optiques\\\/#primaryimage\"},\"image\":{\"@id\":\"https:\\\/\\\/www.eams-industrie.com\\\/fruits-et-legumes\\\/integration-de-trieurs-optiques\\\/#primaryimage\"},\"thumbnailUrl\":\"https:\\\/\\\/www.eams-industrie.com\\\/wp-content\\\/uploads\\\/2026\\\/01\\\/20200902_115323-scaled.jpg\",\"datePublished\":\"2026-01-22T16:47:37+00:00\",\"dateModified\":\"2026-02-12T16:59:44+00:00\",\"breadcrumb\":{\"@id\":\"https:\\\/\\\/www.eams-industrie.com\\\/fruits-et-legumes\\\/integration-de-trieurs-optiques\\\/#breadcrumb\"},\"inLanguage\":\"pl-PL\",\"potentialAction\":[{\"@type\":\"ReadAction\",\"target\":[\"https:\\\/\\\/www.eams-industrie.com\\\/fruits-et-legumes\\\/integration-de-trieurs-optiques\\\/\"]}]},{\"@type\":\"ImageObject\",\"inLanguage\":\"pl-PL\",\"@id\":\"https:\\\/\\\/www.eams-industrie.com\\\/fruits-et-legumes\\\/integration-de-trieurs-optiques\\\/#primaryimage\",\"url\":\"https:\\\/\\\/www.eams-industrie.com\\\/wp-content\\\/uploads\\\/2026\\\/01\\\/20200902_115323-scaled.jpg\",\"contentUrl\":\"https:\\\/\\\/www.eams-industrie.com\\\/wp-content\\\/uploads\\\/2026\\\/01\\\/20200902_115323-scaled.jpg\",\"width\":2560,\"height\":1920,\"caption\":\"Int\u00e9gration de 2 trieurs en parall\u00e8le\"},{\"@type\":\"BreadcrumbList\",\"@id\":\"https:\\\/\\\/www.eams-industrie.com\\\/fruits-et-legumes\\\/integration-de-trieurs-optiques\\\/#breadcrumb\",\"itemListElement\":[{\"@type\":\"ListItem\",\"position\":1,\"name\":\"Accueil\",\"item\":\"https:\\\/\\\/www.eams-industrie.com\\\/\"},{\"@type\":\"ListItem\",\"position\":2,\"name\":\"Process pour Fruits et l\u00e9gumes\",\"item\":\"https:\\\/\\\/www.eams-industrie.com\\\/categorie\\\/fruits-et-legumes\\\/\"},{\"@type\":\"ListItem\",\"position\":3,\"name\":\"Int\u00e9gration de trieurs optiques\"}]},{\"@type\":\"WebSite\",\"@id\":\"https:\\\/\\\/www.eams-industrie.com\\\/#website\",\"url\":\"https:\\\/\\\/www.eams-industrie.com\\\/\",\"name\":\"EAMS Industrie\",\"description\":\"Conception et fabrication d\u2019\u00e9quipements pour l\u2019agroalimentaire et l\u2019industrie\",\"publisher\":{\"@id\":\"https:\\\/\\\/www.eams-industrie.com\\\/#organization\"},\"potentialAction\":[{\"@type\":\"SearchAction\",\"target\":{\"@type\":\"EntryPoint\",\"urlTemplate\":\"https:\\\/\\\/www.eams-industrie.com\\\/?s={search_term_string}\"},\"query-input\":{\"@type\":\"PropertyValueSpecification\",\"valueRequired\":true,\"valueName\":\"search_term_string\"}}],\"inLanguage\":\"pl-PL\"},{\"@type\":\"Organization\",\"@id\":\"https:\\\/\\\/www.eams-industrie.com\\\/#organization\",\"name\":\"EAMS Industrie\",\"url\":\"https:\\\/\\\/www.eams-industrie.com\\\/\",\"logo\":{\"@type\":\"ImageObject\",\"inLanguage\":\"pl-PL\",\"@id\":\"https:\\\/\\\/www.eams-industrie.com\\\/#\\\/schema\\\/logo\\\/image\\\/\",\"url\":\"https:\\\/\\\/www.eams-industrie.com\\\/wp-content\\\/uploads\\\/2023\\\/01\\\/Logo-EAMS.svg\",\"contentUrl\":\"https:\\\/\\\/www.eams-industrie.com\\\/wp-content\\\/uploads\\\/2023\\\/01\\\/Logo-EAMS.svg\",\"width\":149,\"height\":71,\"caption\":\"EAMS Industrie\"},\"image\":{\"@id\":\"https:\\\/\\\/www.eams-industrie.com\\\/#\\\/schema\\\/logo\\\/image\\\/\"}},{\"@type\":\"Person\",\"@id\":\"https:\\\/\\\/www.eams-industrie.com\\\/#\\\/schema\\\/person\\\/d15d5d26f08e983dcfe3fe89573d26a9\",\"name\":\"Gilbert\",\"image\":{\"@type\":\"ImageObject\",\"inLanguage\":\"pl-PL\",\"@id\":\"https:\\\/\\\/secure.gravatar.com\\\/avatar\\\/a4f8065cea7210a89dc8a12caed14fa3627d1713498e66dc1129ff739be35356?s=96&d=mm&r=g\",\"url\":\"https:\\\/\\\/secure.gravatar.com\\\/avatar\\\/a4f8065cea7210a89dc8a12caed14fa3627d1713498e66dc1129ff739be35356?s=96&d=mm&r=g\",\"contentUrl\":\"https:\\\/\\\/secure.gravatar.com\\\/avatar\\\/a4f8065cea7210a89dc8a12caed14fa3627d1713498e66dc1129ff739be35356?s=96&d=mm&r=g\",\"caption\":\"Gilbert\"},\"url\":\"https:\\\/\\\/www.eams-industrie.com\\\/pl\\\/author\\\/gilbert\\\/\"}]}<\/script>\n<!-- \/ Yoast SEO plugin. -->","yoast_head_json":{"title":"Integracja sortownik\u00f3w optycznych - EAMS Industrie","robots":{"index":"index","follow":"follow","max-snippet":"max-snippet:-1","max-image-preview":"max-image-preview:large","max-video-preview":"max-video-preview:-1"},"canonical":"https:\/\/www.eams-industrie.com\/pl\/owoce-i-warzywa\/integracja-sortownikow-optycznych\/","og_locale":"pl_PL","og_type":"article","og_title":"Int\u00e9gration de trieurs optiques - EAMS Industrie","og_description":"Solutions cl\u00e9s en main, conformes et performantes \u00a0\u00c9tude d\u2019int\u00e9gration personnalis\u00e9e pour une adaptation parfaite \u00e0 vos machines existantes. Fourniture des \u00e9quipements et conception de structures porteuses en acier inox 304 pour une hygi\u00e8ne et une durabilit\u00e9 optimales. Fabrication de passerelles et escaliers s\u00e9curis\u00e9s, adapt\u00e9s \u00e0 votre environnement de production. Montage sur site par nos \u00e9quipes [&hellip;]","og_url":"https:\/\/www.eams-industrie.com\/pl\/owoce-i-warzywa\/integracja-sortownikow-optycznych\/","og_site_name":"EAMS Industrie","article_published_time":"2026-01-22T16:47:37+00:00","article_modified_time":"2026-02-12T16:59:44+00:00","og_image":[{"width":2560,"height":1920,"url":"https:\/\/www.eams-industrie.com\/wp-content\/uploads\/2026\/01\/20200902_115323-scaled.jpg","type":"image\/jpeg"}],"author":"Gilbert","twitter_card":"summary_large_image","twitter_misc":{"Napisane przez":"Gilbert","Szacowany czas czytania":"2 minuty"},"schema":{"@context":"https:\/\/schema.org","@graph":[{"@type":"Article","@id":"https:\/\/www.eams-industrie.com\/fruits-et-legumes\/integration-de-trieurs-optiques\/#article","isPartOf":{"@id":"https:\/\/www.eams-industrie.com\/fruits-et-legumes\/integration-de-trieurs-optiques\/"},"author":{"name":"Gilbert","@id":"https:\/\/www.eams-industrie.com\/#\/schema\/person\/d15d5d26f08e983dcfe3fe89573d26a9"},"headline":"Int\u00e9gration de trieurs optiques","datePublished":"2026-01-22T16:47:37+00:00","dateModified":"2026-02-12T16:59:44+00:00","mainEntityOfPage":{"@id":"https:\/\/www.eams-industrie.com\/fruits-et-legumes\/integration-de-trieurs-optiques\/"},"wordCount":262,"publisher":{"@id":"https:\/\/www.eams-industrie.com\/#organization"},"image":{"@id":"https:\/\/www.eams-industrie.com\/fruits-et-legumes\/integration-de-trieurs-optiques\/#primaryimage"},"thumbnailUrl":"https:\/\/www.eams-industrie.com\/wp-content\/uploads\/2026\/01\/20200902_115323-scaled.jpg","articleSection":["Brocoli, Choux-fleur &amp; Poireau","Haricot vert","L\u00e9gumineuse","Pois &amp; Flageolet","Process pour Fruits et l\u00e9gumes","Racines"],"inLanguage":"pl-PL"},{"@type":"WebPage","@id":"https:\/\/www.eams-industrie.com\/fruits-et-legumes\/integration-de-trieurs-optiques\/","url":"https:\/\/www.eams-industrie.com\/fruits-et-legumes\/integration-de-trieurs-optiques\/","name":"Integracja sortownik\u00f3w optycznych - EAMS Industrie","isPartOf":{"@id":"https:\/\/www.eams-industrie.com\/#website"},"primaryImageOfPage":{"@id":"https:\/\/www.eams-industrie.com\/fruits-et-legumes\/integration-de-trieurs-optiques\/#primaryimage"},"image":{"@id":"https:\/\/www.eams-industrie.com\/fruits-et-legumes\/integration-de-trieurs-optiques\/#primaryimage"},"thumbnailUrl":"https:\/\/www.eams-industrie.com\/wp-content\/uploads\/2026\/01\/20200902_115323-scaled.jpg","datePublished":"2026-01-22T16:47:37+00:00","dateModified":"2026-02-12T16:59:44+00:00","breadcrumb":{"@id":"https:\/\/www.eams-industrie.com\/fruits-et-legumes\/integration-de-trieurs-optiques\/#breadcrumb"},"inLanguage":"pl-PL","potentialAction":[{"@type":"ReadAction","target":["https:\/\/www.eams-industrie.com\/fruits-et-legumes\/integration-de-trieurs-optiques\/"]}]},{"@type":"ImageObject","inLanguage":"pl-PL","@id":"https:\/\/www.eams-industrie.com\/fruits-et-legumes\/integration-de-trieurs-optiques\/#primaryimage","url":"https:\/\/www.eams-industrie.com\/wp-content\/uploads\/2026\/01\/20200902_115323-scaled.jpg","contentUrl":"https:\/\/www.eams-industrie.com\/wp-content\/uploads\/2026\/01\/20200902_115323-scaled.jpg","width":2560,"height":1920,"caption":"Int\u00e9gration de 2 trieurs en parall\u00e8le"},{"@type":"BreadcrumbList","@id":"https:\/\/www.eams-industrie.com\/fruits-et-legumes\/integration-de-trieurs-optiques\/#breadcrumb","itemListElement":[{"@type":"ListItem","position":1,"name":"Accueil","item":"https:\/\/www.eams-industrie.com\/"},{"@type":"ListItem","position":2,"name":"Process pour Fruits et l\u00e9gumes","item":"https:\/\/www.eams-industrie.com\/categorie\/fruits-et-legumes\/"},{"@type":"ListItem","position":3,"name":"Int\u00e9gration de trieurs optiques"}]},{"@type":"WebSite","@id":"https:\/\/www.eams-industrie.com\/#website","url":"https:\/\/www.eams-industrie.com\/","name":"EAMS Industrie","description":"Projektowanie i produkcja sprz\u0119tu dla sektora rolno-spo\u017cywczego i przemys\u0142owego","publisher":{"@id":"https:\/\/www.eams-industrie.com\/#organization"},"potentialAction":[{"@type":"SearchAction","target":{"@type":"EntryPoint","urlTemplate":"https:\/\/www.eams-industrie.com\/?s={search_term_string}"},"query-input":{"@type":"PropertyValueSpecification","valueRequired":true,"valueName":"search_term_string"}}],"inLanguage":"pl-PL"},{"@type":"Organization","@id":"https:\/\/www.eams-industrie.com\/#organization","name":"EAMS Industrie","url":"https:\/\/www.eams-industrie.com\/","logo":{"@type":"ImageObject","inLanguage":"pl-PL","@id":"https:\/\/www.eams-industrie.com\/#\/schema\/logo\/image\/","url":"https:\/\/www.eams-industrie.com\/wp-content\/uploads\/2023\/01\/Logo-EAMS.svg","contentUrl":"https:\/\/www.eams-industrie.com\/wp-content\/uploads\/2023\/01\/Logo-EAMS.svg","width":149,"height":71,"caption":"EAMS Industrie"},"image":{"@id":"https:\/\/www.eams-industrie.com\/#\/schema\/logo\/image\/"}},{"@type":"Person","@id":"https:\/\/www.eams-industrie.com\/#\/schema\/person\/d15d5d26f08e983dcfe3fe89573d26a9","name":"Gilbert","image":{"@type":"ImageObject","inLanguage":"pl-PL","@id":"https:\/\/secure.gravatar.com\/avatar\/a4f8065cea7210a89dc8a12caed14fa3627d1713498e66dc1129ff739be35356?s=96&d=mm&r=g","url":"https:\/\/secure.gravatar.com\/avatar\/a4f8065cea7210a89dc8a12caed14fa3627d1713498e66dc1129ff739be35356?s=96&d=mm&r=g","contentUrl":"https:\/\/secure.gravatar.com\/avatar\/a4f8065cea7210a89dc8a12caed14fa3627d1713498e66dc1129ff739be35356?s=96&d=mm&r=g","caption":"Gilbert"},"url":"https:\/\/www.eams-industrie.com\/pl\/author\/gilbert\/"}]}},"_links":{"self":[{"href":"https:\/\/www.eams-industrie.com\/pl\/wp-json\/wp\/v2\/posts\/77992","targetHints":{"allow":["GET"]}}],"collection":[{"href":"https:\/\/www.eams-industrie.com\/pl\/wp-json\/wp\/v2\/posts"}],"about":[{"href":"https:\/\/www.eams-industrie.com\/pl\/wp-json\/wp\/v2\/types\/post"}],"author":[{"embeddable":true,"href":"https:\/\/www.eams-industrie.com\/pl\/wp-json\/wp\/v2\/users\/3"}],"replies":[{"embeddable":true,"href":"https:\/\/www.eams-industrie.com\/pl\/wp-json\/wp\/v2\/comments?post=77992"}],"version-history":[{"count":5,"href":"https:\/\/www.eams-industrie.com\/pl\/wp-json\/wp\/v2\/posts\/77992\/revisions"}],"predecessor-version":[{"id":78409,"href":"https:\/\/www.eams-industrie.com\/pl\/wp-json\/wp\/v2\/posts\/77992\/revisions\/78409"}],"wp:featuredmedia":[{"embeddable":true,"href":"https:\/\/www.eams-industrie.com\/pl\/wp-json\/wp\/v2\/media\/78403"}],"wp:attachment":[{"href":"https:\/\/www.eams-industrie.com\/pl\/wp-json\/wp\/v2\/media?parent=77992"}],"wp:term":[{"taxonomy":"category","embeddable":true,"href":"https:\/\/www.eams-industrie.com\/pl\/wp-json\/wp\/v2\/categories?post=77992"},{"taxonomy":"post_tag","embeddable":true,"href":"https:\/\/www.eams-industrie.com\/pl\/wp-json\/wp\/v2\/tags?post=77992"}],"curies":[{"name":"wp","href":"https:\/\/api.w.org\/{rel}","templated":true}]}}