{"id":79637,"date":"2014-09-01T14:59:16","date_gmt":"2014-09-01T12:59:16","guid":{"rendered":"https:\/\/www.eams-industrie.com\/?p=79637"},"modified":"2026-03-12T14:59:49","modified_gmt":"2026-03-12T13:59:49","slug":"quimper-giganci-przemyslu-udali-sie-do-austrii","status":"publish","type":"post","link":"https:\/\/www.eams-industrie.com\/pl\/presse\/quimper-les-mastodontes-deams-industrie-ont-pris-la-direction-de-lautriche\/","title":{"rendered":"Quimper. Behemoty EAMS Industrie zmierzaj\u0105 do Austrii"},"content":{"rendered":"<p>Nadzwyczajny konw\u00f3j wyruszy\u0142 w poniedzia\u0142ek 7 marca o godzinie 17:00 z fabryki EAMS Industrie, specjalizuj\u0105cej si\u0119 w produkcji przemys\u0142owych linii do przygotowywania warzyw, w Quimper (Finist\u00e8re). Ponad 25 ton stali i PVC pokona drogi, docieraj\u0105c w pi\u0105tek do Austrii, do niewielkiego miasta Gro\u00df-Enzersdorf. Droga o d\u0142ugo\u015bci blisko 2000 km czeka na dwie ci\u0119\u017car\u00f3wki transportuj\u0105ce ogromne maszyny, kt\u00f3re dotr\u0105 do fabryki nale\u017c\u0105cej do grupy Unilever. Ca\u0142o\u015b\u0107, kt\u00f3ra po zainstalowaniu b\u0119dzie mia\u0142a oko\u0142o sze\u015b\u0107dziesi\u0119ciu metr\u00f3w d\u0142ugo\u015bci, pos\u0142u\u017cy do przetwarzania szpinaku.<\/p>\n<p>&nbsp;<\/p>","protected":false},"excerpt":{"rendered":"<p>Un convoi exceptionnel est parti ce lundi 7 mars, \u00e0 17 h, de l\u2019usine EAMS Industrie, sp\u00e9cialiste dans la fabrication de lignes de pr\u00e9paration industrielle de l\u00e9gumes, \u00e0 Quimper (Finist\u00e8re). Ce sont au total plus de 25 tonnes d\u2019acier et de PVC qui vont sillonner les routes pour une arriv\u00e9e pr\u00e9vue vendredi en Autriche, dans [&hellip;]<\/p>\n","protected":false},"author":1,"featured_media":75284,"comment_status":"closed","ping_status":"closed","sticky":false,"template":"","format":"standard","meta":{"_acf_changed":false,"iawp_total_views":7,"footnotes":""},"categories":[1],"tags":[],"class_list":["post-79637","post","type-post","status-publish","format-standard","has-post-thumbnail","hentry","category-presse"],"acf":[],"yoast_head":"<!-- This site is optimized with the Yoast SEO plugin v27.4 - https:\/\/yoast.com\/product\/yoast-seo-wordpress\/ -->\n<title>Quimper. Les mastodontes d\u2019EAMS Industrie ont pris la direction de l\u2019Autriche - EAMS Industrie<\/title>\n<meta name=\"robots\" content=\"index, follow, max-snippet:-1, max-image-preview:large, max-video-preview:-1\" \/>\n<link rel=\"canonical\" href=\"https:\/\/www.eams-industrie.com\/pl\/prasa\/quimper-giganci-przemyslu-udali-sie-do-austrii\/\" \/>\n<meta property=\"og:locale\" content=\"pl_PL\" \/>\n<meta property=\"og:type\" content=\"article\" \/>\n<meta property=\"og:title\" content=\"Quimper. Les mastodontes d\u2019EAMS Industrie ont pris la direction de l\u2019Autriche - EAMS Industrie\" \/>\n<meta property=\"og:description\" content=\"Un convoi exceptionnel est parti ce lundi 7 mars, \u00e0 17 h, de l\u2019usine EAMS Industrie, sp\u00e9cialiste dans la fabrication de lignes de pr\u00e9paration industrielle de l\u00e9gumes, \u00e0 Quimper (Finist\u00e8re). Ce sont au total plus de 25 tonnes d\u2019acier et de PVC qui vont sillonner les routes pour une arriv\u00e9e pr\u00e9vue vendredi en Autriche, dans [&hellip;]\" \/>\n<meta property=\"og:url\" content=\"https:\/\/www.eams-industrie.com\/pl\/prasa\/quimper-giganci-przemyslu-udali-sie-do-austrii\/\" \/>\n<meta property=\"og:site_name\" content=\"EAMS Industrie\" \/>\n<meta property=\"article:published_time\" content=\"2014-09-01T12:59:16+00:00\" \/>\n<meta property=\"article:modified_time\" content=\"2026-03-12T13:59:49+00:00\" \/>\n<meta property=\"og:image\" content=\"https:\/\/www.eams-industrie.com\/wp-content\/uploads\/2016\/12\/quimper-export-autriche-1.png\" \/>\n\t<meta property=\"og:image:width\" content=\"1200\" \/>\n\t<meta property=\"og:image:height\" content=\"900\" \/>\n\t<meta property=\"og:image:type\" content=\"image\/png\" \/>\n<meta name=\"author\" content=\"Maxime\" \/>\n<meta name=\"twitter:card\" content=\"summary_large_image\" \/>\n<meta name=\"twitter:label1\" content=\"Napisane przez\" \/>\n\t<meta name=\"twitter:data1\" content=\"Maxime\" \/>\n\t<meta name=\"twitter:label2\" content=\"Szacowany czas czytania\" \/>\n\t<meta name=\"twitter:data2\" content=\"1 minuta\" \/>\n<script type=\"application\/ld+json\" class=\"yoast-schema-graph\">{\"@context\":\"https:\\\/\\\/schema.org\",\"@graph\":[{\"@type\":\"Article\",\"@id\":\"https:\\\/\\\/www.eams-industrie.com\\\/presse\\\/quimper-les-mastodontes-deams-industrie-ont-pris-la-direction-de-lautriche\\\/#article\",\"isPartOf\":{\"@id\":\"https:\\\/\\\/www.eams-industrie.com\\\/presse\\\/quimper-les-mastodontes-deams-industrie-ont-pris-la-direction-de-lautriche\\\/\"},\"author\":{\"name\":\"Maxime\",\"@id\":\"https:\\\/\\\/www.eams-industrie.com\\\/#\\\/schema\\\/person\\\/133bdfedb18acbe826cbee2da8e8461d\"},\"headline\":\"Quimper. Les mastodontes d\u2019EAMS Industrie ont pris la direction de l\u2019Autriche\",\"datePublished\":\"2014-09-01T12:59:16+00:00\",\"dateModified\":\"2026-03-12T13:59:49+00:00\",\"mainEntityOfPage\":{\"@id\":\"https:\\\/\\\/www.eams-industrie.com\\\/presse\\\/quimper-les-mastodontes-deams-industrie-ont-pris-la-direction-de-lautriche\\\/\"},\"wordCount\":120,\"publisher\":{\"@id\":\"https:\\\/\\\/www.eams-industrie.com\\\/#organization\"},\"image\":{\"@id\":\"https:\\\/\\\/www.eams-industrie.com\\\/presse\\\/quimper-les-mastodontes-deams-industrie-ont-pris-la-direction-de-lautriche\\\/#primaryimage\"},\"thumbnailUrl\":\"https:\\\/\\\/www.eams-industrie.com\\\/wp-content\\\/uploads\\\/2016\\\/12\\\/quimper-export-autriche-1.png\",\"articleSection\":[\"On a parl\u00e9 de nous\"],\"inLanguage\":\"pl-PL\"},{\"@type\":\"WebPage\",\"@id\":\"https:\\\/\\\/www.eams-industrie.com\\\/presse\\\/quimper-les-mastodontes-deams-industrie-ont-pris-la-direction-de-lautriche\\\/\",\"url\":\"https:\\\/\\\/www.eams-industrie.com\\\/presse\\\/quimper-les-mastodontes-deams-industrie-ont-pris-la-direction-de-lautriche\\\/\",\"name\":\"Quimper. Les mastodontes d\u2019EAMS Industrie ont pris la direction de l\u2019Autriche - EAMS Industrie\",\"isPartOf\":{\"@id\":\"https:\\\/\\\/www.eams-industrie.com\\\/#website\"},\"primaryImageOfPage\":{\"@id\":\"https:\\\/\\\/www.eams-industrie.com\\\/presse\\\/quimper-les-mastodontes-deams-industrie-ont-pris-la-direction-de-lautriche\\\/#primaryimage\"},\"image\":{\"@id\":\"https:\\\/\\\/www.eams-industrie.com\\\/presse\\\/quimper-les-mastodontes-deams-industrie-ont-pris-la-direction-de-lautriche\\\/#primaryimage\"},\"thumbnailUrl\":\"https:\\\/\\\/www.eams-industrie.com\\\/wp-content\\\/uploads\\\/2016\\\/12\\\/quimper-export-autriche-1.png\",\"datePublished\":\"2014-09-01T12:59:16+00:00\",\"dateModified\":\"2026-03-12T13:59:49+00:00\",\"breadcrumb\":{\"@id\":\"https:\\\/\\\/www.eams-industrie.com\\\/presse\\\/quimper-les-mastodontes-deams-industrie-ont-pris-la-direction-de-lautriche\\\/#breadcrumb\"},\"inLanguage\":\"pl-PL\",\"potentialAction\":[{\"@type\":\"ReadAction\",\"target\":[\"https:\\\/\\\/www.eams-industrie.com\\\/presse\\\/quimper-les-mastodontes-deams-industrie-ont-pris-la-direction-de-lautriche\\\/\"]}]},{\"@type\":\"ImageObject\",\"inLanguage\":\"pl-PL\",\"@id\":\"https:\\\/\\\/www.eams-industrie.com\\\/presse\\\/quimper-les-mastodontes-deams-industrie-ont-pris-la-direction-de-lautriche\\\/#primaryimage\",\"url\":\"https:\\\/\\\/www.eams-industrie.com\\\/wp-content\\\/uploads\\\/2016\\\/12\\\/quimper-export-autriche-1.png\",\"contentUrl\":\"https:\\\/\\\/www.eams-industrie.com\\\/wp-content\\\/uploads\\\/2016\\\/12\\\/quimper-export-autriche-1.png\",\"width\":1200,\"height\":900},{\"@type\":\"BreadcrumbList\",\"@id\":\"https:\\\/\\\/www.eams-industrie.com\\\/presse\\\/quimper-les-mastodontes-deams-industrie-ont-pris-la-direction-de-lautriche\\\/#breadcrumb\",\"itemListElement\":[{\"@type\":\"ListItem\",\"position\":1,\"name\":\"Accueil\",\"item\":\"https:\\\/\\\/www.eams-industrie.com\\\/\"},{\"@type\":\"ListItem\",\"position\":2,\"name\":\"On a parl\u00e9 de nous\",\"item\":\"https:\\\/\\\/www.eams-industrie.com\\\/categorie\\\/presse\\\/\"},{\"@type\":\"ListItem\",\"position\":3,\"name\":\"Quimper. Les mastodontes d\u2019EAMS Industrie ont pris la direction de l\u2019Autriche\"}]},{\"@type\":\"WebSite\",\"@id\":\"https:\\\/\\\/www.eams-industrie.com\\\/#website\",\"url\":\"https:\\\/\\\/www.eams-industrie.com\\\/\",\"name\":\"EAMS Industrie\",\"description\":\"Conception et fabrication d\u2019\u00e9quipements pour l\u2019agroalimentaire et l\u2019industrie\",\"publisher\":{\"@id\":\"https:\\\/\\\/www.eams-industrie.com\\\/#organization\"},\"potentialAction\":[{\"@type\":\"SearchAction\",\"target\":{\"@type\":\"EntryPoint\",\"urlTemplate\":\"https:\\\/\\\/www.eams-industrie.com\\\/?s={search_term_string}\"},\"query-input\":{\"@type\":\"PropertyValueSpecification\",\"valueRequired\":true,\"valueName\":\"search_term_string\"}}],\"inLanguage\":\"pl-PL\"},{\"@type\":\"Organization\",\"@id\":\"https:\\\/\\\/www.eams-industrie.com\\\/#organization\",\"name\":\"EAMS Industrie\",\"url\":\"https:\\\/\\\/www.eams-industrie.com\\\/\",\"logo\":{\"@type\":\"ImageObject\",\"inLanguage\":\"pl-PL\",\"@id\":\"https:\\\/\\\/www.eams-industrie.com\\\/#\\\/schema\\\/logo\\\/image\\\/\",\"url\":\"https:\\\/\\\/www.eams-industrie.com\\\/wp-content\\\/uploads\\\/2023\\\/01\\\/Logo-EAMS.svg\",\"contentUrl\":\"https:\\\/\\\/www.eams-industrie.com\\\/wp-content\\\/uploads\\\/2023\\\/01\\\/Logo-EAMS.svg\",\"width\":149,\"height\":71,\"caption\":\"EAMS Industrie\"},\"image\":{\"@id\":\"https:\\\/\\\/www.eams-industrie.com\\\/#\\\/schema\\\/logo\\\/image\\\/\"}},{\"@type\":\"Person\",\"@id\":\"https:\\\/\\\/www.eams-industrie.com\\\/#\\\/schema\\\/person\\\/133bdfedb18acbe826cbee2da8e8461d\",\"name\":\"Maxime\",\"image\":{\"@type\":\"ImageObject\",\"inLanguage\":\"pl-PL\",\"@id\":\"https:\\\/\\\/secure.gravatar.com\\\/avatar\\\/f482fd000d5e5ffba6a207c3381cac19a81cd3d2827662d03d3efec5a46f0a57?s=96&d=mm&r=g\",\"url\":\"https:\\\/\\\/secure.gravatar.com\\\/avatar\\\/f482fd000d5e5ffba6a207c3381cac19a81cd3d2827662d03d3efec5a46f0a57?s=96&d=mm&r=g\",\"contentUrl\":\"https:\\\/\\\/secure.gravatar.com\\\/avatar\\\/f482fd000d5e5ffba6a207c3381cac19a81cd3d2827662d03d3efec5a46f0a57?s=96&d=mm&r=g\",\"caption\":\"Maxime\"},\"sameAs\":[\"https:\\\/\\\/www.eams-industrie.com\"],\"url\":\"https:\\\/\\\/www.eams-industrie.com\\\/pl\\\/author\\\/Maxime\\\/\"}]}<\/script>\n<!-- \/ Yoast SEO plugin. -->","yoast_head_json":{"title":"Quimper. Mastodonty EAMS Industrie ruszy\u0142y w stron\u0119 Austrii - EAMS Industrie","robots":{"index":"index","follow":"follow","max-snippet":"max-snippet:-1","max-image-preview":"max-image-preview:large","max-video-preview":"max-video-preview:-1"},"canonical":"https:\/\/www.eams-industrie.com\/pl\/prasa\/quimper-giganci-przemyslu-udali-sie-do-austrii\/","og_locale":"pl_PL","og_type":"article","og_title":"Quimper. Les mastodontes d\u2019EAMS Industrie ont pris la direction de l\u2019Autriche - EAMS Industrie","og_description":"Un convoi exceptionnel est parti ce lundi 7 mars, \u00e0 17 h, de l\u2019usine EAMS Industrie, sp\u00e9cialiste dans la fabrication de lignes de pr\u00e9paration industrielle de l\u00e9gumes, \u00e0 Quimper (Finist\u00e8re). Ce sont au total plus de 25 tonnes d\u2019acier et de PVC qui vont sillonner les routes pour une arriv\u00e9e pr\u00e9vue vendredi en Autriche, dans [&hellip;]","og_url":"https:\/\/www.eams-industrie.com\/pl\/prasa\/quimper-giganci-przemyslu-udali-sie-do-austrii\/","og_site_name":"EAMS Industrie","article_published_time":"2014-09-01T12:59:16+00:00","article_modified_time":"2026-03-12T13:59:49+00:00","og_image":[{"width":1200,"height":900,"url":"https:\/\/www.eams-industrie.com\/wp-content\/uploads\/2016\/12\/quimper-export-autriche-1.png","type":"image\/png"}],"author":"Maxime","twitter_card":"summary_large_image","twitter_misc":{"Napisane przez":"Maxime","Szacowany czas czytania":"1 minuta"},"schema":{"@context":"https:\/\/schema.org","@graph":[{"@type":"Article","@id":"https:\/\/www.eams-industrie.com\/presse\/quimper-les-mastodontes-deams-industrie-ont-pris-la-direction-de-lautriche\/#article","isPartOf":{"@id":"https:\/\/www.eams-industrie.com\/presse\/quimper-les-mastodontes-deams-industrie-ont-pris-la-direction-de-lautriche\/"},"author":{"name":"Maxime","@id":"https:\/\/www.eams-industrie.com\/#\/schema\/person\/133bdfedb18acbe826cbee2da8e8461d"},"headline":"Quimper. Les mastodontes d\u2019EAMS Industrie ont pris la direction de l\u2019Autriche","datePublished":"2014-09-01T12:59:16+00:00","dateModified":"2026-03-12T13:59:49+00:00","mainEntityOfPage":{"@id":"https:\/\/www.eams-industrie.com\/presse\/quimper-les-mastodontes-deams-industrie-ont-pris-la-direction-de-lautriche\/"},"wordCount":120,"publisher":{"@id":"https:\/\/www.eams-industrie.com\/#organization"},"image":{"@id":"https:\/\/www.eams-industrie.com\/presse\/quimper-les-mastodontes-deams-industrie-ont-pris-la-direction-de-lautriche\/#primaryimage"},"thumbnailUrl":"https:\/\/www.eams-industrie.com\/wp-content\/uploads\/2016\/12\/quimper-export-autriche-1.png","articleSection":["On a parl\u00e9 de nous"],"inLanguage":"pl-PL"},{"@type":"WebPage","@id":"https:\/\/www.eams-industrie.com\/presse\/quimper-les-mastodontes-deams-industrie-ont-pris-la-direction-de-lautriche\/","url":"https:\/\/www.eams-industrie.com\/presse\/quimper-les-mastodontes-deams-industrie-ont-pris-la-direction-de-lautriche\/","name":"Quimper. Mastodonty EAMS Industrie ruszy\u0142y w stron\u0119 Austrii - EAMS Industrie","isPartOf":{"@id":"https:\/\/www.eams-industrie.com\/#website"},"primaryImageOfPage":{"@id":"https:\/\/www.eams-industrie.com\/presse\/quimper-les-mastodontes-deams-industrie-ont-pris-la-direction-de-lautriche\/#primaryimage"},"image":{"@id":"https:\/\/www.eams-industrie.com\/presse\/quimper-les-mastodontes-deams-industrie-ont-pris-la-direction-de-lautriche\/#primaryimage"},"thumbnailUrl":"https:\/\/www.eams-industrie.com\/wp-content\/uploads\/2016\/12\/quimper-export-autriche-1.png","datePublished":"2014-09-01T12:59:16+00:00","dateModified":"2026-03-12T13:59:49+00:00","breadcrumb":{"@id":"https:\/\/www.eams-industrie.com\/presse\/quimper-les-mastodontes-deams-industrie-ont-pris-la-direction-de-lautriche\/#breadcrumb"},"inLanguage":"pl-PL","potentialAction":[{"@type":"ReadAction","target":["https:\/\/www.eams-industrie.com\/presse\/quimper-les-mastodontes-deams-industrie-ont-pris-la-direction-de-lautriche\/"]}]},{"@type":"ImageObject","inLanguage":"pl-PL","@id":"https:\/\/www.eams-industrie.com\/presse\/quimper-les-mastodontes-deams-industrie-ont-pris-la-direction-de-lautriche\/#primaryimage","url":"https:\/\/www.eams-industrie.com\/wp-content\/uploads\/2016\/12\/quimper-export-autriche-1.png","contentUrl":"https:\/\/www.eams-industrie.com\/wp-content\/uploads\/2016\/12\/quimper-export-autriche-1.png","width":1200,"height":900},{"@type":"BreadcrumbList","@id":"https:\/\/www.eams-industrie.com\/presse\/quimper-les-mastodontes-deams-industrie-ont-pris-la-direction-de-lautriche\/#breadcrumb","itemListElement":[{"@type":"ListItem","position":1,"name":"Accueil","item":"https:\/\/www.eams-industrie.com\/"},{"@type":"ListItem","position":2,"name":"On a parl\u00e9 de nous","item":"https:\/\/www.eams-industrie.com\/categorie\/presse\/"},{"@type":"ListItem","position":3,"name":"Quimper. Les mastodontes d\u2019EAMS Industrie ont pris la direction de l\u2019Autriche"}]},{"@type":"WebSite","@id":"https:\/\/www.eams-industrie.com\/#website","url":"https:\/\/www.eams-industrie.com\/","name":"EAMS Industrie","description":"Projektowanie i produkcja sprz\u0119tu dla sektora rolno-spo\u017cywczego i przemys\u0142owego","publisher":{"@id":"https:\/\/www.eams-industrie.com\/#organization"},"potentialAction":[{"@type":"SearchAction","target":{"@type":"EntryPoint","urlTemplate":"https:\/\/www.eams-industrie.com\/?s={search_term_string}"},"query-input":{"@type":"PropertyValueSpecification","valueRequired":true,"valueName":"search_term_string"}}],"inLanguage":"pl-PL"},{"@type":"Organization","@id":"https:\/\/www.eams-industrie.com\/#organization","name":"EAMS Industrie","url":"https:\/\/www.eams-industrie.com\/","logo":{"@type":"ImageObject","inLanguage":"pl-PL","@id":"https:\/\/www.eams-industrie.com\/#\/schema\/logo\/image\/","url":"https:\/\/www.eams-industrie.com\/wp-content\/uploads\/2023\/01\/Logo-EAMS.svg","contentUrl":"https:\/\/www.eams-industrie.com\/wp-content\/uploads\/2023\/01\/Logo-EAMS.svg","width":149,"height":71,"caption":"EAMS Industrie"},"image":{"@id":"https:\/\/www.eams-industrie.com\/#\/schema\/logo\/image\/"}},{"@type":"Person","@id":"https:\/\/www.eams-industrie.com\/#\/schema\/person\/133bdfedb18acbe826cbee2da8e8461d","name":"Maxime","image":{"@type":"ImageObject","inLanguage":"pl-PL","@id":"https:\/\/secure.gravatar.com\/avatar\/f482fd000d5e5ffba6a207c3381cac19a81cd3d2827662d03d3efec5a46f0a57?s=96&d=mm&r=g","url":"https:\/\/secure.gravatar.com\/avatar\/f482fd000d5e5ffba6a207c3381cac19a81cd3d2827662d03d3efec5a46f0a57?s=96&d=mm&r=g","contentUrl":"https:\/\/secure.gravatar.com\/avatar\/f482fd000d5e5ffba6a207c3381cac19a81cd3d2827662d03d3efec5a46f0a57?s=96&d=mm&r=g","caption":"Maxime"},"sameAs":["https:\/\/www.eams-industrie.com"],"url":"https:\/\/www.eams-industrie.com\/pl\/author\/Maxime\/"}]}},"_links":{"self":[{"href":"https:\/\/www.eams-industrie.com\/pl\/wp-json\/wp\/v2\/posts\/79637","targetHints":{"allow":["GET"]}}],"collection":[{"href":"https:\/\/www.eams-industrie.com\/pl\/wp-json\/wp\/v2\/posts"}],"about":[{"href":"https:\/\/www.eams-industrie.com\/pl\/wp-json\/wp\/v2\/types\/post"}],"author":[{"embeddable":true,"href":"https:\/\/www.eams-industrie.com\/pl\/wp-json\/wp\/v2\/users\/1"}],"replies":[{"embeddable":true,"href":"https:\/\/www.eams-industrie.com\/pl\/wp-json\/wp\/v2\/comments?post=79637"}],"version-history":[{"count":2,"href":"https:\/\/www.eams-industrie.com\/pl\/wp-json\/wp\/v2\/posts\/79637\/revisions"}],"predecessor-version":[{"id":79641,"href":"https:\/\/www.eams-industrie.com\/pl\/wp-json\/wp\/v2\/posts\/79637\/revisions\/79641"}],"wp:featuredmedia":[{"embeddable":true,"href":"https:\/\/www.eams-industrie.com\/pl\/wp-json\/wp\/v2\/media\/75284"}],"wp:attachment":[{"href":"https:\/\/www.eams-industrie.com\/pl\/wp-json\/wp\/v2\/media?parent=79637"}],"wp:term":[{"taxonomy":"category","embeddable":true,"href":"https:\/\/www.eams-industrie.com\/pl\/wp-json\/wp\/v2\/categories?post=79637"},{"taxonomy":"post_tag","embeddable":true,"href":"https:\/\/www.eams-industrie.com\/pl\/wp-json\/wp\/v2\/tags?post=79637"}],"curies":[{"name":"wp","href":"https:\/\/api.w.org\/{rel}","templated":true}]}}