{"id":79642,"date":"2014-09-20T14:59:55","date_gmt":"2014-09-20T12:59:55","guid":{"rendered":"https:\/\/www.eams-industrie.com\/?p=79642"},"modified":"2026-03-12T15:01:06","modified_gmt":"2026-03-12T14:01:06","slug":"eams-la-chaine-quimperoise-myje-fasole-hollandaise","status":"publish","type":"post","link":"https:\/\/www.eams-industrie.com\/pl\/presse\/eams-la-chaine-quimperoise-lave-les-haricots-hollandais\/","title":{"rendered":"EAMS. Sie\u0107 Quimper myje holendersk\u0105 fasol\u0119"},"content":{"rendered":"<div class=\"post-thumb\"><\/div>\n<div class=\"entry-meta\"><strong>Ma\u0142e firmy mog\u0105 r\u00f3wnie\u017c podbija\u0107 rynki zagraniczne. Przyk\u0142adem jest firma EAMS, specjalizuj\u0105ca si\u0119 w liniach do pakowania warzyw.<\/strong><\/div>\n<div class=\"entry-content\">\n<div class=\"vc_row wpb_row\">\n<div class=\"boxed\">\n<div class=\"container\">\n<div class=\"vc_row\">\n<div class=\"wpb_column vc_column_container col-sm-12 vc_col-sm-12 col-lg-12 vc_col-lg-12\">\n<div class=\"vc_column-inner\">\n<div class=\"wpb_wrapper\">\n<div class=\"wpb_text_column wpb_content_element vc_custom_1481305897151\">\n<div class=\"wpb_wrapper\">\n<p>Inicjatywa :<\/p>\n<p>Kompletna linia do pakowania zielonej fasoli sprzedana do Holandii. Jest to najnowszy (i najpi\u0119kniejszy) kontrakt o warto\u015bci 2,5 miliona euro wygrany przez EAMS z siedzib\u0105 w Quimper. To dyskretne M\u015aP, z siedzib\u0105 przy starej drodze de Rosporden, specjalizuje si\u0119 w projektowaniu, produkcji i monta\u017cu linii do pakowania warzyw. Zasada stoj\u0105ca za tego typu lini\u0105 produkcyjn\u0105 jest prosta: fasola zbierana z pola jest czyszczona, szypu\u0142kowana i przygotowywana do ostatecznego pakowania: w tym przypadku w puszkach. Na koniec imponuj\u0105ce Meccanoes s\u0105 montowane w fabrykach.<\/p>\n<p>\u00abLinia ta wzmacnia jedn\u0105 z najwi\u0119kszych fabryk warzyw w Holandii. Zosta\u0142a uruchomiona 10 sierpnia, przetwarzaj\u0105c 16 ton zielonej fasoli na godzin\u0119 do puszkowania\u00bb, wyja\u015bnia Gilbert Gourmelen, szef EAMS. Ten Meccano zajmuje 2500 m2 z 7000 m2 powierzchni holenderskiego zak\u0142adu. \u00abPrzetransportowanie go z Quimper zaj\u0119\u0142o 25 ci\u0119\u017car\u00f3wek. Monta\u017cem zaj\u0119\u0142o si\u0119 sze\u015bciu naszych pracownik\u00f3w. Byli na miejscu przez 5 miesi\u0119cy. To moment prawdy, kiedy uruchamiasz tak\u0105 maszyn\u0119. \u00bbLinia produkcyjna jest zawsze trudna. Czasami konieczne s\u0105 korekty. W tym przypadku wszystko zadzia\u0142a\u0142o od razu.\u00ab<\/p>\n<p>Gilbert Gourmelen jest dumny z sukcesu technicznego. Podkre\u015bla jednak r\u00f3wnie\u017c sukces komercyjny. \u00abJeste\u015bmy ju\u017c obecni w Belgii, Hiszpanii, Portugalii itp. Ale rynek holenderski by\u0142 jeszcze trudniejszy do zdobycia. To dla nas pierwszy taki sukces. Historia o tym, jak uda\u0142o si\u0119 to osi\u0105gn\u0105\u0107, jest warta opowiedzenia, poniewa\u017c ilustruje strategie stosowane przez M\u015aP o ograniczonych zasobach. \u00bbPi\u0119\u0107 lat temu sprzeda\u0142em instalacj\u0119 w Austrii konkurentowi naszego holenderskiego klienta. Po tej transakcji zacz\u0105\u0142em rozsy\u0142a\u0107 e-maile do potencjalnych decydent\u00f3w. W tamtym czasie nie otrzyma\u0142em \u017cadnej informacji zwrotnej. Jesieni\u0105 2012 roku skontaktowa\u0142 si\u0119 ze mn\u0105 mened\u017cer tego nowego klienta. W\u0142a\u015bnie odwiedzi\u0142 jeden z zak\u0142ad\u00f3w, kt\u00f3re wyposa\u017cyli\u015bmy w poprzednim roku. EAMS zmierzy\u0142 si\u0119 z trzema konkurentami (du\u0144skim, belgijskim i w\u0142oskim). Z wynikiem, kt\u00f3ry znamy.<\/p>\n<p>EAMS, 21 pracownik\u00f3w (z pracownikami tymczasowymi w godzinach szczytu), sprzeda\u017c 4 mln euro.<\/p>\n<\/div>\n<\/div>\n<\/div>\n<\/div>\n<\/div>\n<\/div>\n<\/div>\n<\/div>\n<\/div>\n<\/div>","protected":false},"excerpt":{"rendered":"<p>Les petites entreprises aussi peuvent conqu\u00e9rir des march\u00e9s \u00e0 l\u2019\u00e9tranger. Exemple significatif avec EAMS, le sp\u00e9cialiste des lignes de conditionnement de l\u00e9gumes. L\u2019initiative : Une cha\u00eene compl\u00e8te de conditionnement de haricots verts vendue aux Pays-Bas. C\u2019est le dernier (et beau) march\u00e9 de 2,5 millions d\u2019euros gagn\u00e9 par la soci\u00e9t\u00e9 quimp\u00e9roise EAMS. Cette PME discr\u00e8te, install\u00e9e [&hellip;]<\/p>\n","protected":false},"author":1,"featured_media":74977,"comment_status":"closed","ping_status":"closed","sticky":false,"template":"","format":"standard","meta":{"_acf_changed":false,"iawp_total_views":3,"footnotes":""},"categories":[1],"tags":[],"class_list":["post-79642","post","type-post","status-publish","format-standard","has-post-thumbnail","hentry","category-presse"],"acf":[],"yoast_head":"<!-- This site is optimized with the Yoast SEO plugin v27.4 - https:\/\/yoast.com\/product\/yoast-seo-wordpress\/ -->\n<title>EAMS. La cha\u00eene quimp\u00e9roise lave les haricots hollandais - EAMS Industrie<\/title>\n<meta name=\"robots\" content=\"index, follow, max-snippet:-1, max-image-preview:large, max-video-preview:-1\" \/>\n<link rel=\"canonical\" href=\"https:\/\/www.eams-industrie.com\/pl\/prasa\/eams-la-chaine-quimperoise-myje-fasole-hollandaise\/\" \/>\n<meta property=\"og:locale\" content=\"pl_PL\" \/>\n<meta property=\"og:type\" content=\"article\" \/>\n<meta property=\"og:title\" content=\"EAMS. La cha\u00eene quimp\u00e9roise lave les haricots hollandais - EAMS Industrie\" \/>\n<meta property=\"og:description\" content=\"Les petites entreprises aussi peuvent conqu\u00e9rir des march\u00e9s \u00e0 l\u2019\u00e9tranger. Exemple significatif avec EAMS, le sp\u00e9cialiste des lignes de conditionnement de l\u00e9gumes. L\u2019initiative : Une cha\u00eene compl\u00e8te de conditionnement de haricots verts vendue aux Pays-Bas. C\u2019est le dernier (et beau) march\u00e9 de 2,5 millions d\u2019euros gagn\u00e9 par la soci\u00e9t\u00e9 quimp\u00e9roise EAMS. Cette PME discr\u00e8te, install\u00e9e [&hellip;]\" \/>\n<meta property=\"og:url\" content=\"https:\/\/www.eams-industrie.com\/pl\/prasa\/eams-la-chaine-quimperoise-myje-fasole-hollandaise\/\" \/>\n<meta property=\"og:site_name\" content=\"EAMS Industrie\" \/>\n<meta property=\"article:published_time\" content=\"2014-09-20T12:59:55+00:00\" \/>\n<meta property=\"article:modified_time\" content=\"2026-03-12T14:01:06+00:00\" \/>\n<meta property=\"og:image\" content=\"https:\/\/www.eams-industrie.com\/wp-content\/uploads\/2016\/11\/qualite-1.jpg\" \/>\n\t<meta property=\"og:image:width\" content=\"850\" \/>\n\t<meta property=\"og:image:height\" content=\"638\" \/>\n\t<meta property=\"og:image:type\" content=\"image\/jpeg\" \/>\n<meta name=\"author\" content=\"Maxime\" \/>\n<meta name=\"twitter:card\" content=\"summary_large_image\" \/>\n<meta name=\"twitter:label1\" content=\"Napisane przez\" \/>\n\t<meta name=\"twitter:data1\" content=\"Maxime\" \/>\n\t<meta name=\"twitter:label2\" content=\"Szacowany czas czytania\" \/>\n\t<meta name=\"twitter:data2\" content=\"3 minuty\" \/>\n<script type=\"application\/ld+json\" class=\"yoast-schema-graph\">{\"@context\":\"https:\\\/\\\/schema.org\",\"@graph\":[{\"@type\":\"Article\",\"@id\":\"https:\\\/\\\/www.eams-industrie.com\\\/presse\\\/eams-la-chaine-quimperoise-lave-les-haricots-hollandais\\\/#article\",\"isPartOf\":{\"@id\":\"https:\\\/\\\/www.eams-industrie.com\\\/presse\\\/eams-la-chaine-quimperoise-lave-les-haricots-hollandais\\\/\"},\"author\":{\"name\":\"Maxime\",\"@id\":\"https:\\\/\\\/www.eams-industrie.com\\\/#\\\/schema\\\/person\\\/133bdfedb18acbe826cbee2da8e8461d\"},\"headline\":\"EAMS. La cha\u00eene quimp\u00e9roise lave les haricots hollandais\",\"datePublished\":\"2014-09-20T12:59:55+00:00\",\"dateModified\":\"2026-03-12T14:01:06+00:00\",\"mainEntityOfPage\":{\"@id\":\"https:\\\/\\\/www.eams-industrie.com\\\/presse\\\/eams-la-chaine-quimperoise-lave-les-haricots-hollandais\\\/\"},\"wordCount\":441,\"publisher\":{\"@id\":\"https:\\\/\\\/www.eams-industrie.com\\\/#organization\"},\"image\":{\"@id\":\"https:\\\/\\\/www.eams-industrie.com\\\/presse\\\/eams-la-chaine-quimperoise-lave-les-haricots-hollandais\\\/#primaryimage\"},\"thumbnailUrl\":\"https:\\\/\\\/www.eams-industrie.com\\\/wp-content\\\/uploads\\\/2016\\\/11\\\/qualite-1.jpg\",\"articleSection\":[\"On a parl\u00e9 de nous\"],\"inLanguage\":\"pl-PL\"},{\"@type\":\"WebPage\",\"@id\":\"https:\\\/\\\/www.eams-industrie.com\\\/presse\\\/eams-la-chaine-quimperoise-lave-les-haricots-hollandais\\\/\",\"url\":\"https:\\\/\\\/www.eams-industrie.com\\\/presse\\\/eams-la-chaine-quimperoise-lave-les-haricots-hollandais\\\/\",\"name\":\"EAMS. La cha\u00eene quimp\u00e9roise lave les haricots hollandais - EAMS Industrie\",\"isPartOf\":{\"@id\":\"https:\\\/\\\/www.eams-industrie.com\\\/#website\"},\"primaryImageOfPage\":{\"@id\":\"https:\\\/\\\/www.eams-industrie.com\\\/presse\\\/eams-la-chaine-quimperoise-lave-les-haricots-hollandais\\\/#primaryimage\"},\"image\":{\"@id\":\"https:\\\/\\\/www.eams-industrie.com\\\/presse\\\/eams-la-chaine-quimperoise-lave-les-haricots-hollandais\\\/#primaryimage\"},\"thumbnailUrl\":\"https:\\\/\\\/www.eams-industrie.com\\\/wp-content\\\/uploads\\\/2016\\\/11\\\/qualite-1.jpg\",\"datePublished\":\"2014-09-20T12:59:55+00:00\",\"dateModified\":\"2026-03-12T14:01:06+00:00\",\"breadcrumb\":{\"@id\":\"https:\\\/\\\/www.eams-industrie.com\\\/presse\\\/eams-la-chaine-quimperoise-lave-les-haricots-hollandais\\\/#breadcrumb\"},\"inLanguage\":\"pl-PL\",\"potentialAction\":[{\"@type\":\"ReadAction\",\"target\":[\"https:\\\/\\\/www.eams-industrie.com\\\/presse\\\/eams-la-chaine-quimperoise-lave-les-haricots-hollandais\\\/\"]}]},{\"@type\":\"ImageObject\",\"inLanguage\":\"pl-PL\",\"@id\":\"https:\\\/\\\/www.eams-industrie.com\\\/presse\\\/eams-la-chaine-quimperoise-lave-les-haricots-hollandais\\\/#primaryimage\",\"url\":\"https:\\\/\\\/www.eams-industrie.com\\\/wp-content\\\/uploads\\\/2016\\\/11\\\/qualite-1.jpg\",\"contentUrl\":\"https:\\\/\\\/www.eams-industrie.com\\\/wp-content\\\/uploads\\\/2016\\\/11\\\/qualite-1.jpg\",\"width\":850,\"height\":638},{\"@type\":\"BreadcrumbList\",\"@id\":\"https:\\\/\\\/www.eams-industrie.com\\\/presse\\\/eams-la-chaine-quimperoise-lave-les-haricots-hollandais\\\/#breadcrumb\",\"itemListElement\":[{\"@type\":\"ListItem\",\"position\":1,\"name\":\"Accueil\",\"item\":\"https:\\\/\\\/www.eams-industrie.com\\\/\"},{\"@type\":\"ListItem\",\"position\":2,\"name\":\"On a parl\u00e9 de nous\",\"item\":\"https:\\\/\\\/www.eams-industrie.com\\\/categorie\\\/presse\\\/\"},{\"@type\":\"ListItem\",\"position\":3,\"name\":\"EAMS. La cha\u00eene quimp\u00e9roise lave les haricots hollandais\"}]},{\"@type\":\"WebSite\",\"@id\":\"https:\\\/\\\/www.eams-industrie.com\\\/#website\",\"url\":\"https:\\\/\\\/www.eams-industrie.com\\\/\",\"name\":\"EAMS Industrie\",\"description\":\"Conception et fabrication d\u2019\u00e9quipements pour l\u2019agroalimentaire et l\u2019industrie\",\"publisher\":{\"@id\":\"https:\\\/\\\/www.eams-industrie.com\\\/#organization\"},\"potentialAction\":[{\"@type\":\"SearchAction\",\"target\":{\"@type\":\"EntryPoint\",\"urlTemplate\":\"https:\\\/\\\/www.eams-industrie.com\\\/?s={search_term_string}\"},\"query-input\":{\"@type\":\"PropertyValueSpecification\",\"valueRequired\":true,\"valueName\":\"search_term_string\"}}],\"inLanguage\":\"pl-PL\"},{\"@type\":\"Organization\",\"@id\":\"https:\\\/\\\/www.eams-industrie.com\\\/#organization\",\"name\":\"EAMS Industrie\",\"url\":\"https:\\\/\\\/www.eams-industrie.com\\\/\",\"logo\":{\"@type\":\"ImageObject\",\"inLanguage\":\"pl-PL\",\"@id\":\"https:\\\/\\\/www.eams-industrie.com\\\/#\\\/schema\\\/logo\\\/image\\\/\",\"url\":\"https:\\\/\\\/www.eams-industrie.com\\\/wp-content\\\/uploads\\\/2023\\\/01\\\/Logo-EAMS.svg\",\"contentUrl\":\"https:\\\/\\\/www.eams-industrie.com\\\/wp-content\\\/uploads\\\/2023\\\/01\\\/Logo-EAMS.svg\",\"width\":149,\"height\":71,\"caption\":\"EAMS Industrie\"},\"image\":{\"@id\":\"https:\\\/\\\/www.eams-industrie.com\\\/#\\\/schema\\\/logo\\\/image\\\/\"}},{\"@type\":\"Person\",\"@id\":\"https:\\\/\\\/www.eams-industrie.com\\\/#\\\/schema\\\/person\\\/133bdfedb18acbe826cbee2da8e8461d\",\"name\":\"Maxime\",\"image\":{\"@type\":\"ImageObject\",\"inLanguage\":\"pl-PL\",\"@id\":\"https:\\\/\\\/secure.gravatar.com\\\/avatar\\\/f482fd000d5e5ffba6a207c3381cac19a81cd3d2827662d03d3efec5a46f0a57?s=96&d=mm&r=g\",\"url\":\"https:\\\/\\\/secure.gravatar.com\\\/avatar\\\/f482fd000d5e5ffba6a207c3381cac19a81cd3d2827662d03d3efec5a46f0a57?s=96&d=mm&r=g\",\"contentUrl\":\"https:\\\/\\\/secure.gravatar.com\\\/avatar\\\/f482fd000d5e5ffba6a207c3381cac19a81cd3d2827662d03d3efec5a46f0a57?s=96&d=mm&r=g\",\"caption\":\"Maxime\"},\"sameAs\":[\"https:\\\/\\\/www.eams-industrie.com\"],\"url\":\"https:\\\/\\\/www.eams-industrie.com\\\/pl\\\/author\\\/Maxime\\\/\"}]}<\/script>\n<!-- \/ Yoast SEO plugin. -->","yoast_head_json":{"title":"EAMS. Sie\u0107 z siedzib\u0105 w Quimper myje holendersk\u0105 fasol\u0119 - EAMS Industrie","robots":{"index":"index","follow":"follow","max-snippet":"max-snippet:-1","max-image-preview":"max-image-preview:large","max-video-preview":"max-video-preview:-1"},"canonical":"https:\/\/www.eams-industrie.com\/pl\/prasa\/eams-la-chaine-quimperoise-myje-fasole-hollandaise\/","og_locale":"pl_PL","og_type":"article","og_title":"EAMS. La cha\u00eene quimp\u00e9roise lave les haricots hollandais - EAMS Industrie","og_description":"Les petites entreprises aussi peuvent conqu\u00e9rir des march\u00e9s \u00e0 l\u2019\u00e9tranger. Exemple significatif avec EAMS, le sp\u00e9cialiste des lignes de conditionnement de l\u00e9gumes. L\u2019initiative : Une cha\u00eene compl\u00e8te de conditionnement de haricots verts vendue aux Pays-Bas. C\u2019est le dernier (et beau) march\u00e9 de 2,5 millions d\u2019euros gagn\u00e9 par la soci\u00e9t\u00e9 quimp\u00e9roise EAMS. Cette PME discr\u00e8te, install\u00e9e [&hellip;]","og_url":"https:\/\/www.eams-industrie.com\/pl\/prasa\/eams-la-chaine-quimperoise-myje-fasole-hollandaise\/","og_site_name":"EAMS Industrie","article_published_time":"2014-09-20T12:59:55+00:00","article_modified_time":"2026-03-12T14:01:06+00:00","og_image":[{"width":850,"height":638,"url":"https:\/\/www.eams-industrie.com\/wp-content\/uploads\/2016\/11\/qualite-1.jpg","type":"image\/jpeg"}],"author":"Maxime","twitter_card":"summary_large_image","twitter_misc":{"Napisane przez":"Maxime","Szacowany czas czytania":"3 minuty"},"schema":{"@context":"https:\/\/schema.org","@graph":[{"@type":"Article","@id":"https:\/\/www.eams-industrie.com\/presse\/eams-la-chaine-quimperoise-lave-les-haricots-hollandais\/#article","isPartOf":{"@id":"https:\/\/www.eams-industrie.com\/presse\/eams-la-chaine-quimperoise-lave-les-haricots-hollandais\/"},"author":{"name":"Maxime","@id":"https:\/\/www.eams-industrie.com\/#\/schema\/person\/133bdfedb18acbe826cbee2da8e8461d"},"headline":"EAMS. La cha\u00eene quimp\u00e9roise lave les haricots hollandais","datePublished":"2014-09-20T12:59:55+00:00","dateModified":"2026-03-12T14:01:06+00:00","mainEntityOfPage":{"@id":"https:\/\/www.eams-industrie.com\/presse\/eams-la-chaine-quimperoise-lave-les-haricots-hollandais\/"},"wordCount":441,"publisher":{"@id":"https:\/\/www.eams-industrie.com\/#organization"},"image":{"@id":"https:\/\/www.eams-industrie.com\/presse\/eams-la-chaine-quimperoise-lave-les-haricots-hollandais\/#primaryimage"},"thumbnailUrl":"https:\/\/www.eams-industrie.com\/wp-content\/uploads\/2016\/11\/qualite-1.jpg","articleSection":["On a parl\u00e9 de nous"],"inLanguage":"pl-PL"},{"@type":"WebPage","@id":"https:\/\/www.eams-industrie.com\/presse\/eams-la-chaine-quimperoise-lave-les-haricots-hollandais\/","url":"https:\/\/www.eams-industrie.com\/presse\/eams-la-chaine-quimperoise-lave-les-haricots-hollandais\/","name":"EAMS. Sie\u0107 z siedzib\u0105 w Quimper myje holendersk\u0105 fasol\u0119 - EAMS Industrie","isPartOf":{"@id":"https:\/\/www.eams-industrie.com\/#website"},"primaryImageOfPage":{"@id":"https:\/\/www.eams-industrie.com\/presse\/eams-la-chaine-quimperoise-lave-les-haricots-hollandais\/#primaryimage"},"image":{"@id":"https:\/\/www.eams-industrie.com\/presse\/eams-la-chaine-quimperoise-lave-les-haricots-hollandais\/#primaryimage"},"thumbnailUrl":"https:\/\/www.eams-industrie.com\/wp-content\/uploads\/2016\/11\/qualite-1.jpg","datePublished":"2014-09-20T12:59:55+00:00","dateModified":"2026-03-12T14:01:06+00:00","breadcrumb":{"@id":"https:\/\/www.eams-industrie.com\/presse\/eams-la-chaine-quimperoise-lave-les-haricots-hollandais\/#breadcrumb"},"inLanguage":"pl-PL","potentialAction":[{"@type":"ReadAction","target":["https:\/\/www.eams-industrie.com\/presse\/eams-la-chaine-quimperoise-lave-les-haricots-hollandais\/"]}]},{"@type":"ImageObject","inLanguage":"pl-PL","@id":"https:\/\/www.eams-industrie.com\/presse\/eams-la-chaine-quimperoise-lave-les-haricots-hollandais\/#primaryimage","url":"https:\/\/www.eams-industrie.com\/wp-content\/uploads\/2016\/11\/qualite-1.jpg","contentUrl":"https:\/\/www.eams-industrie.com\/wp-content\/uploads\/2016\/11\/qualite-1.jpg","width":850,"height":638},{"@type":"BreadcrumbList","@id":"https:\/\/www.eams-industrie.com\/presse\/eams-la-chaine-quimperoise-lave-les-haricots-hollandais\/#breadcrumb","itemListElement":[{"@type":"ListItem","position":1,"name":"Accueil","item":"https:\/\/www.eams-industrie.com\/"},{"@type":"ListItem","position":2,"name":"On a parl\u00e9 de nous","item":"https:\/\/www.eams-industrie.com\/categorie\/presse\/"},{"@type":"ListItem","position":3,"name":"EAMS. La cha\u00eene quimp\u00e9roise lave les haricots hollandais"}]},{"@type":"WebSite","@id":"https:\/\/www.eams-industrie.com\/#website","url":"https:\/\/www.eams-industrie.com\/","name":"EAMS Industrie","description":"Projektowanie i produkcja sprz\u0119tu dla sektora rolno-spo\u017cywczego i przemys\u0142owego","publisher":{"@id":"https:\/\/www.eams-industrie.com\/#organization"},"potentialAction":[{"@type":"SearchAction","target":{"@type":"EntryPoint","urlTemplate":"https:\/\/www.eams-industrie.com\/?s={search_term_string}"},"query-input":{"@type":"PropertyValueSpecification","valueRequired":true,"valueName":"search_term_string"}}],"inLanguage":"pl-PL"},{"@type":"Organization","@id":"https:\/\/www.eams-industrie.com\/#organization","name":"EAMS Industrie","url":"https:\/\/www.eams-industrie.com\/","logo":{"@type":"ImageObject","inLanguage":"pl-PL","@id":"https:\/\/www.eams-industrie.com\/#\/schema\/logo\/image\/","url":"https:\/\/www.eams-industrie.com\/wp-content\/uploads\/2023\/01\/Logo-EAMS.svg","contentUrl":"https:\/\/www.eams-industrie.com\/wp-content\/uploads\/2023\/01\/Logo-EAMS.svg","width":149,"height":71,"caption":"EAMS Industrie"},"image":{"@id":"https:\/\/www.eams-industrie.com\/#\/schema\/logo\/image\/"}},{"@type":"Person","@id":"https:\/\/www.eams-industrie.com\/#\/schema\/person\/133bdfedb18acbe826cbee2da8e8461d","name":"Maxime","image":{"@type":"ImageObject","inLanguage":"pl-PL","@id":"https:\/\/secure.gravatar.com\/avatar\/f482fd000d5e5ffba6a207c3381cac19a81cd3d2827662d03d3efec5a46f0a57?s=96&d=mm&r=g","url":"https:\/\/secure.gravatar.com\/avatar\/f482fd000d5e5ffba6a207c3381cac19a81cd3d2827662d03d3efec5a46f0a57?s=96&d=mm&r=g","contentUrl":"https:\/\/secure.gravatar.com\/avatar\/f482fd000d5e5ffba6a207c3381cac19a81cd3d2827662d03d3efec5a46f0a57?s=96&d=mm&r=g","caption":"Maxime"},"sameAs":["https:\/\/www.eams-industrie.com"],"url":"https:\/\/www.eams-industrie.com\/pl\/author\/Maxime\/"}]}},"_links":{"self":[{"href":"https:\/\/www.eams-industrie.com\/pl\/wp-json\/wp\/v2\/posts\/79642","targetHints":{"allow":["GET"]}}],"collection":[{"href":"https:\/\/www.eams-industrie.com\/pl\/wp-json\/wp\/v2\/posts"}],"about":[{"href":"https:\/\/www.eams-industrie.com\/pl\/wp-json\/wp\/v2\/types\/post"}],"author":[{"embeddable":true,"href":"https:\/\/www.eams-industrie.com\/pl\/wp-json\/wp\/v2\/users\/1"}],"replies":[{"embeddable":true,"href":"https:\/\/www.eams-industrie.com\/pl\/wp-json\/wp\/v2\/comments?post=79642"}],"version-history":[{"count":2,"href":"https:\/\/www.eams-industrie.com\/pl\/wp-json\/wp\/v2\/posts\/79642\/revisions"}],"predecessor-version":[{"id":79650,"href":"https:\/\/www.eams-industrie.com\/pl\/wp-json\/wp\/v2\/posts\/79642\/revisions\/79650"}],"wp:featuredmedia":[{"embeddable":true,"href":"https:\/\/www.eams-industrie.com\/pl\/wp-json\/wp\/v2\/media\/74977"}],"wp:attachment":[{"href":"https:\/\/www.eams-industrie.com\/pl\/wp-json\/wp\/v2\/media?parent=79642"}],"wp:term":[{"taxonomy":"category","embeddable":true,"href":"https:\/\/www.eams-industrie.com\/pl\/wp-json\/wp\/v2\/categories?post=79642"},{"taxonomy":"post_tag","embeddable":true,"href":"https:\/\/www.eams-industrie.com\/pl\/wp-json\/wp\/v2\/tags?post=79642"}],"curies":[{"name":"wp","href":"https:\/\/api.w.org\/{rel}","templated":true}]}}